{"id":16365,"date":"2024-06-12T08:53:05","date_gmt":"2024-06-12T11:53:05","guid":{"rendered":"http:\/\/zoomproducciones.com.ar\/zoomp\/?p=16365"},"modified":"2024-06-12T08:53:06","modified_gmt":"2024-06-12T11:53:06","slug":"afuera-del-congreso-habra-movilizaciones-en-contra-de-esos-proyectos","status":"publish","type":"post","link":"https:\/\/zoomproducciones.com.ar\/zoomp\/afuera-del-congreso-habra-movilizaciones-en-contra-de-esos-proyectos\/","title":{"rendered":"Afuera del Congreso habr\u00e1 movilizaciones en contra de esos proyectos"},"content":{"rendered":"\n<p>Desde el secretario general adjunto de Camioneros,\u00a0Pablo Moyano, hasta la referente del Frente de Izquierda\u00a0Myriam Bregman,\u00a0pasando por todo Uni\u00f3n por la Patria, centrales obreras, sindicatos y organizaciones convocan a movilizarse en las afueras del Congreso, en contra de los puntos m\u00e1s controvertidos de la Ley Bases y el paquete fiscal.<\/p>\n\n\n\n<p>El art\u00edculo sobre el RIGI (R\u00e9gimen de Incentivo para Grandes Inversiones), la baja del monotributo social, facultades delegadas, la intenci\u00f3n de dejar empresas p\u00fablicas sujetas a privatizaci\u00f3n (como Aerol\u00edneas, Correo, o Radio y Televisi\u00f3n Argentinas) son algunos de los ejes de la llamada a movilizarse.<\/p>\n\n\n\n<p>Tambi\u00e9n marchan los docentes y no docentes universitarios, en su segundo d\u00eda de este nuevo paro por 48 horas, todav\u00eda sin respuestas para la actualizaci\u00f3n de sus salarios. Los estatales\u00a0nucleados en ATE\u00a0tambi\u00e9n paran y movilizan y hay otras marchas por la misma raz\u00f3n en\u00a0<a href=\"https:\/\/cenital.us20.list-manage.com\/track\/click?u=81c8fe2afed130c234a3035eb&amp;id=1836849818&amp;e=cce419730d\">otros puntos<\/a>\u00a0del pa\u00eds.<\/p>\n","protected":false},"excerpt":{"rendered":"<p>Desde el secretario general adjunto de Camioneros,\u00a0Pablo Moyano, hasta la referente del Frente de Izquierda\u00a0Myriam Bregman,\u00a0pasando por todo Uni\u00f3n por la Patria, centrales obreras, sindicatos y organizaciones convocan a movilizarse en las afueras del Congreso, en contra de los puntos m\u00e1s controvertidos de la Ley Bases y el paquete fiscal. El art\u00edculo sobre el RIGI [&hellip;]<\/p>\n","protected":false},"author":2,"featured_media":16366,"comment_status":"closed","ping_status":"open","sticky":false,"template":"","format":"standard","meta":{"footnotes":""},"categories":[8],"tags":[42],"class_list":{"0":"post-16365","1":"post","2":"type-post","3":"status-publish","4":"format-standard","5":"has-post-thumbnail","7":"category-nacionales","8":"tag-featured"},"_links":{"self":[{"href":"https:\/\/zoomproducciones.com.ar\/zoomp\/wp-json\/wp\/v2\/posts\/16365","targetHints":{"allow":["GET"]}}],"collection":[{"href":"https:\/\/zoomproducciones.com.ar\/zoomp\/wp-json\/wp\/v2\/posts"}],"about":[{"href":"https:\/\/zoomproducciones.com.ar\/zoomp\/wp-json\/wp\/v2\/types\/post"}],"author":[{"embeddable":true,"href":"https:\/\/zoomproducciones.com.ar\/zoomp\/wp-json\/wp\/v2\/users\/2"}],"replies":[{"embeddable":true,"href":"https:\/\/zoomproducciones.com.ar\/zoomp\/wp-json\/wp\/v2\/comments?post=16365"}],"version-history":[{"count":1,"href":"https:\/\/zoomproducciones.com.ar\/zoomp\/wp-json\/wp\/v2\/posts\/16365\/revisions"}],"predecessor-version":[{"id":16367,"href":"https:\/\/zoomproducciones.com.ar\/zoomp\/wp-json\/wp\/v2\/posts\/16365\/revisions\/16367"}],"wp:featuredmedia":[{"embeddable":true,"href":"https:\/\/zoomproducciones.com.ar\/zoomp\/wp-json\/wp\/v2\/media\/16366"}],"wp:attachment":[{"href":"https:\/\/zoomproducciones.com.ar\/zoomp\/wp-json\/wp\/v2\/media?parent=16365"}],"wp:term":[{"taxonomy":"category","embeddable":true,"href":"https:\/\/zoomproducciones.com.ar\/zoomp\/wp-json\/wp\/v2\/categories?post=16365"},{"taxonomy":"post_tag","embeddable":true,"href":"https:\/\/zoomproducciones.com.ar\/zoomp\/wp-json\/wp\/v2\/tags?post=16365"}],"curies":[{"name":"wp","href":"https:\/\/api.w.org\/{rel}","templated":true}]}}