{"id":16352,"date":"2024-06-10T21:26:38","date_gmt":"2024-06-11T00:26:38","guid":{"rendered":"http:\/\/zoomproducciones.com.ar\/zoomp\/?p=16352"},"modified":"2024-06-10T21:26:38","modified_gmt":"2024-06-11T00:26:38","slug":"doble-femicidio-en-parada-acuna-autopsia-descarta-abuso-sexual-reciente","status":"publish","type":"post","link":"https:\/\/zoomproducciones.com.ar\/zoomp\/doble-femicidio-en-parada-acuna-autopsia-descarta-abuso-sexual-reciente\/","title":{"rendered":"Doble femicidio en Parada Acu\u00f1a: autopsia descarta abuso sexual reciente"},"content":{"rendered":"\n<p>La investigaci\u00f3n por el doble femicidio de Aitana Fern\u00e1ndez (9) y Marisel Isond\u00fa Fern\u00e1ndez (22) en Parada Acu\u00f1a, Corrientes, avanza con nuevas pistas, pero a\u00fan sin un esclarecimiento definitivo.<\/p>\n\n\n\n<p>La autopsia realizada a Aitana descart\u00f3 signos de abuso sexual reciente, seg\u00fan el informe preliminar. Sin embargo, esta informaci\u00f3n no descarta otras hip\u00f3tesis, y se espera el informe final de los m\u00e9dicos forenses para determinar las causas exactas de la muerte.<\/p>\n\n\n\n<p>El principal sospechoso, Antonio Villalba, permanece detenido en el Hospital Civil de Curuz\u00fa Cuati\u00e1, donde se niega a colaborar con las autoridades. A pesar de estar en buen estado de salud, se niega a ingerir alimentos, lo que complica su asistencia m\u00e9dica.<\/p>\n\n\n\n<p>La fiscal Clara Bel\u00e9n Arr\u00faa, a cargo de la Unidad Fiscal de Investigaciones Concretas (Ufic) de Monte Caseros, eval\u00faa la posibilidad de trasladar a Villalba al hospital de su ciudad para facilitar la investigaci\u00f3n.<\/p>\n\n\n\n<p>Seg\u00fan la declaraci\u00f3n de Miguel \u00c1ngel Z\u00e1rate, pareja de Marisel, Villalba hab\u00eda sido conminado a abandonar la vivienda el domingo 2 de junio, luego de que Marisel le comentara que le pareci\u00f3 verlo con los pantalones bajos mientras jugaba con la ni\u00f1a.<\/p>\n\n\n\n<p>Villalba, quien ten\u00eda una relaci\u00f3n cercana con Marisel, acept\u00f3 irse inicialmente pero luego implor\u00f3 a Z\u00e1rate que le permitiera quedarse, ofreciendo trabajar en la construcci\u00f3n que la pareja estaba realizando. Marisel insisti\u00f3 en su decisi\u00f3n y, seg\u00fan Z\u00e1rate, incluso le coment\u00f3 que llevar\u00eda a Aitana a casa de su madre al d\u00eda siguiente.<\/p>\n\n\n\n<p>La investigaci\u00f3n apunta a que Villalba pudo haber escuchado la conversaci\u00f3n sobre la ni\u00f1a y que, al d\u00eda siguiente, cuando Z\u00e1rate se fue a trabajar, desencaden\u00f3 su furia homicida.<\/p>\n\n\n\n<p>La fiscal Arr\u00faa contin\u00faa trabajando en la recolecci\u00f3n de pruebas para determinar las circunstancias exactas del doble femicidio y la responsabilidad de Villalba en el hecho. La investigaci\u00f3n se mantiene abierta y se espera que los pr\u00f3ximos d\u00edas arrojen nuevas luces sobre el caso.<\/p>\n\n\n\n<p>Fuente: El Litoral<\/p>\n","protected":false},"excerpt":{"rendered":"<p>La investigaci\u00f3n por el doble femicidio de Aitana Fern\u00e1ndez (9) y Marisel Isond\u00fa Fern\u00e1ndez (22) en Parada Acu\u00f1a, Corrientes, avanza con nuevas pistas, pero a\u00fan sin un esclarecimiento definitivo. La autopsia realizada a Aitana descart\u00f3 signos de abuso sexual reciente, seg\u00fan el informe preliminar. Sin embargo, esta informaci\u00f3n no descarta otras hip\u00f3tesis, y se espera [&hellip;]<\/p>\n","protected":false},"author":2,"featured_media":16353,"comment_status":"closed","ping_status":"open","sticky":false,"template":"","format":"standard","meta":{"footnotes":""},"categories":[3],"tags":[511,125],"class_list":{"0":"post-16352","1":"post","2":"type-post","3":"status-publish","4":"format-standard","5":"has-post-thumbnail","7":"category-provinciales","8":"tag-bloque-2","9":"tag-corrientes"},"_links":{"self":[{"href":"https:\/\/zoomproducciones.com.ar\/zoomp\/wp-json\/wp\/v2\/posts\/16352","targetHints":{"allow":["GET"]}}],"collection":[{"href":"https:\/\/zoomproducciones.com.ar\/zoomp\/wp-json\/wp\/v2\/posts"}],"about":[{"href":"https:\/\/zoomproducciones.com.ar\/zoomp\/wp-json\/wp\/v2\/types\/post"}],"author":[{"embeddable":true,"href":"https:\/\/zoomproducciones.com.ar\/zoomp\/wp-json\/wp\/v2\/users\/2"}],"replies":[{"embeddable":true,"href":"https:\/\/zoomproducciones.com.ar\/zoomp\/wp-json\/wp\/v2\/comments?post=16352"}],"version-history":[{"count":1,"href":"https:\/\/zoomproducciones.com.ar\/zoomp\/wp-json\/wp\/v2\/posts\/16352\/revisions"}],"predecessor-version":[{"id":16354,"href":"https:\/\/zoomproducciones.com.ar\/zoomp\/wp-json\/wp\/v2\/posts\/16352\/revisions\/16354"}],"wp:featuredmedia":[{"embeddable":true,"href":"https:\/\/zoomproducciones.com.ar\/zoomp\/wp-json\/wp\/v2\/media\/16353"}],"wp:attachment":[{"href":"https:\/\/zoomproducciones.com.ar\/zoomp\/wp-json\/wp\/v2\/media?parent=16352"}],"wp:term":[{"taxonomy":"category","embeddable":true,"href":"https:\/\/zoomproducciones.com.ar\/zoomp\/wp-json\/wp\/v2\/categories?post=16352"},{"taxonomy":"post_tag","embeddable":true,"href":"https:\/\/zoomproducciones.com.ar\/zoomp\/wp-json\/wp\/v2\/tags?post=16352"}],"curies":[{"name":"wp","href":"https:\/\/api.w.org\/{rel}","templated":true}]}}