{"id":16350,"date":"2024-06-10T21:23:24","date_gmt":"2024-06-11T00:23:24","guid":{"rendered":"http:\/\/zoomproducciones.com.ar\/zoomp\/?p=16350"},"modified":"2024-06-10T21:23:29","modified_gmt":"2024-06-11T00:23:29","slug":"gustavo-valdes-pidio-apoyar-la-ley-de-bases-y-el-paquete-fiscal","status":"publish","type":"post","link":"https:\/\/zoomproducciones.com.ar\/zoomp\/gustavo-valdes-pidio-apoyar-la-ley-de-bases-y-el-paquete-fiscal\/","title":{"rendered":"Gustavo Vald\u00e9s pidi\u00f3 apoyar la Ley de Bases y el paquete fiscal"},"content":{"rendered":"\n<p>Los diez gobernadores de Juntos por el Cambio (JxC) emitieron un comunicado expresando su \u00abapoyo contundente\u00bb a la ratificaci\u00f3n y sanci\u00f3n de la Ley Bases y el paquete fiscal, en un intento por asegurar los votos necesarios para la crucial sesi\u00f3n del Senado del mi\u00e9rcoles.<\/p>\n\n\n\n<p>La declaraci\u00f3n, firmada por gobernadores como Jorge Macri (CABA), Gustavo Vald\u00e9s (Corrientes) y Alfredo Cornejo (Mendoza), busca despejar la incertidumbre sobre el resultado de la votaci\u00f3n, que se prev\u00e9 ajustada para el gobierno de Javier Milei.<\/p>\n\n\n\n<p>Los mandatarios provinciales sostienen que la aprobaci\u00f3n de las leyes es crucial para la estabilidad financiera del pa\u00eds y para atraer inversiones. \u00abNecesitamos dar una clara se\u00f1al a los mercados, al mundo y a los argentinos que nuestro pa\u00eds avanza hacia el equilibrio fiscal, apuesta a la inversi\u00f3n privada y moderniza su sistema laboral\u00bb, se\u00f1ala el comunicado.<\/p>\n\n\n\n<p>La decisi\u00f3n de los gobernadores de JxC de respaldar en bloque la votaci\u00f3n en general, la primera etapa del proceso legislativo, podr\u00eda ser crucial para asegurar la aprobaci\u00f3n de la ley. Sin embargo, se espera un debate intenso durante la votaci\u00f3n en particular, donde algunos art\u00edculos podr\u00edan ser objeto de modificaciones.<\/p>\n\n\n\n<p>El conteo de votos en el Senado se presenta re\u00f1ido, con la posibilidad de un empate en la votaci\u00f3n en general que obligar\u00eda a la vicepresidenta Victoria Villarruel a desempatar. La situaci\u00f3n se complica para la vicepresidenta debido a la coincidencia de la sesi\u00f3n con la gira de Milei a Italia para la Cumbre del G7, lo que la dejar\u00eda como presidenta interina del Ejecutivo durante la jornada clave.<\/p>\n\n\n\n<p>El apoyo de los gobernadores de JxC a las leyes impulsadas por el gobierno de Milei representa un giro pol\u00edtico significativo. Si bien los mandatarios provinciales mantienen diferencias con el presidente en algunos puntos, la necesidad de estabilidad econ\u00f3mica y la posibilidad de acceder a recursos para sus propias jurisdicciones parecen haber prevalecido en esta ocasi\u00f3n.<\/p>\n","protected":false},"excerpt":{"rendered":"<p>Los diez gobernadores de Juntos por el Cambio (JxC) emitieron un comunicado expresando su \u00abapoyo contundente\u00bb a la ratificaci\u00f3n y sanci\u00f3n de la Ley Bases y el paquete fiscal, en un intento por asegurar los votos necesarios para la crucial sesi\u00f3n del Senado del mi\u00e9rcoles. La declaraci\u00f3n, firmada por gobernadores como Jorge Macri (CABA), Gustavo [&hellip;]<\/p>\n","protected":false},"author":2,"featured_media":13747,"comment_status":"closed","ping_status":"open","sticky":false,"template":"","format":"standard","meta":{"footnotes":""},"categories":[3],"tags":[511,125],"class_list":{"0":"post-16350","1":"post","2":"type-post","3":"status-publish","4":"format-standard","5":"has-post-thumbnail","7":"category-provinciales","8":"tag-bloque-2","9":"tag-corrientes"},"_links":{"self":[{"href":"https:\/\/zoomproducciones.com.ar\/zoomp\/wp-json\/wp\/v2\/posts\/16350","targetHints":{"allow":["GET"]}}],"collection":[{"href":"https:\/\/zoomproducciones.com.ar\/zoomp\/wp-json\/wp\/v2\/posts"}],"about":[{"href":"https:\/\/zoomproducciones.com.ar\/zoomp\/wp-json\/wp\/v2\/types\/post"}],"author":[{"embeddable":true,"href":"https:\/\/zoomproducciones.com.ar\/zoomp\/wp-json\/wp\/v2\/users\/2"}],"replies":[{"embeddable":true,"href":"https:\/\/zoomproducciones.com.ar\/zoomp\/wp-json\/wp\/v2\/comments?post=16350"}],"version-history":[{"count":1,"href":"https:\/\/zoomproducciones.com.ar\/zoomp\/wp-json\/wp\/v2\/posts\/16350\/revisions"}],"predecessor-version":[{"id":16351,"href":"https:\/\/zoomproducciones.com.ar\/zoomp\/wp-json\/wp\/v2\/posts\/16350\/revisions\/16351"}],"wp:featuredmedia":[{"embeddable":true,"href":"https:\/\/zoomproducciones.com.ar\/zoomp\/wp-json\/wp\/v2\/media\/13747"}],"wp:attachment":[{"href":"https:\/\/zoomproducciones.com.ar\/zoomp\/wp-json\/wp\/v2\/media?parent=16350"}],"wp:term":[{"taxonomy":"category","embeddable":true,"href":"https:\/\/zoomproducciones.com.ar\/zoomp\/wp-json\/wp\/v2\/categories?post=16350"},{"taxonomy":"post_tag","embeddable":true,"href":"https:\/\/zoomproducciones.com.ar\/zoomp\/wp-json\/wp\/v2\/tags?post=16350"}],"curies":[{"name":"wp","href":"https:\/\/api.w.org\/{rel}","templated":true}]}}