{"id":16343,"date":"2024-06-10T21:20:25","date_gmt":"2024-06-11T00:20:25","guid":{"rendered":"http:\/\/zoomproducciones.com.ar\/zoomp\/?p=16343"},"modified":"2024-06-10T21:20:25","modified_gmt":"2024-06-11T00:20:25","slug":"tension-en-diputados-bloque-opositor-denuncia-que-menem-impide-la-citacion-a-la-ministra-petovello","status":"publish","type":"post","link":"https:\/\/zoomproducciones.com.ar\/zoomp\/tension-en-diputados-bloque-opositor-denuncia-que-menem-impide-la-citacion-a-la-ministra-petovello\/","title":{"rendered":"Tensi\u00f3n en Diputados: bloque opositor denuncia que Menem impide la citaci\u00f3n a la ministra Petovello"},"content":{"rendered":"\n<p>Se gener\u00f3 una fuerte controversia en la C\u00e1mara de Diputados tras la decisi\u00f3n del presidente del cuerpo, Mart\u00edn Menem, de no cursar la invitaci\u00f3n a la ministra de Capital Humano, Sandra Petovello, para que exponga ante la comisi\u00f3n de Acci\u00f3n Social y Salud P\u00fablica.<\/p>\n\n\n\n<p>El pedido de citaci\u00f3n hab\u00eda sido realizado por el presidente de la comisi\u00f3n, Pablo Yedlin (UP-Tucum\u00e1n), quien buscaba que la funcionaria explique la situaci\u00f3n de los alimentos almacenados y su distribuci\u00f3n. Sin embargo, Menem argument\u00f3 que las comisiones de Presupuesto y Asuntos Constitucionales, ambas presididas por legisladores de La Libertad Avanza, hab\u00edan solicitado que no se cursara ninguna invitaci\u00f3n a Petovello hasta tanto no iniciaran el estudio de proyectos relacionados con la situaci\u00f3n de los alimentos.<\/p>\n\n\n\n<p>La decisi\u00f3n de Menem gener\u00f3 la cr\u00edtica del bloque de Uni\u00f3n por la Patria, que denunci\u00f3 un intento de \u00aboscurantismo\u00bb para proteger a la ministra. Germ\u00e1n Mart\u00ednez, presidente del bloque, acus\u00f3 a Menem, Espert y Mayoraz de ser \u00abcorresponsables\u00bb de impedir que Petovello d\u00e9 explicaciones a la comisi\u00f3n.<\/p>\n\n\n\n<p>Yedlin, por su parte, argument\u00f3 que la convocatoria a Petovello respond\u00eda a las \u00abinquietudes de car\u00e1cter p\u00fablico\u00bb sobre la gesti\u00f3n del Ministerio, en especial por las dudas sobre el almacenamiento, vencimiento y distribuci\u00f3n de alimentos.<\/p>\n\n\n\n<p>La decisi\u00f3n de Menem pone de manifiesto la tensi\u00f3n entre el oficialismo y la oposici\u00f3n en la C\u00e1mara de Diputados, que se intensifica en el marco de la crisis econ\u00f3mica y social que atraviesa el pa\u00eds. <\/p>\n","protected":false},"excerpt":{"rendered":"<p>Se gener\u00f3 una fuerte controversia en la C\u00e1mara de Diputados tras la decisi\u00f3n del presidente del cuerpo, Mart\u00edn Menem, de no cursar la invitaci\u00f3n a la ministra de Capital Humano, Sandra Petovello, para que exponga ante la comisi\u00f3n de Acci\u00f3n Social y Salud P\u00fablica. El pedido de citaci\u00f3n hab\u00eda sido realizado por el presidente de [&hellip;]<\/p>\n","protected":false},"author":2,"featured_media":16345,"comment_status":"closed","ping_status":"open","sticky":false,"template":"","format":"standard","meta":{"footnotes":""},"categories":[8],"tags":[118,511],"class_list":{"0":"post-16343","1":"post","2":"type-post","3":"status-publish","4":"format-standard","5":"has-post-thumbnail","7":"category-nacionales","8":"tag-argentina","9":"tag-bloque-2"},"_links":{"self":[{"href":"https:\/\/zoomproducciones.com.ar\/zoomp\/wp-json\/wp\/v2\/posts\/16343","targetHints":{"allow":["GET"]}}],"collection":[{"href":"https:\/\/zoomproducciones.com.ar\/zoomp\/wp-json\/wp\/v2\/posts"}],"about":[{"href":"https:\/\/zoomproducciones.com.ar\/zoomp\/wp-json\/wp\/v2\/types\/post"}],"author":[{"embeddable":true,"href":"https:\/\/zoomproducciones.com.ar\/zoomp\/wp-json\/wp\/v2\/users\/2"}],"replies":[{"embeddable":true,"href":"https:\/\/zoomproducciones.com.ar\/zoomp\/wp-json\/wp\/v2\/comments?post=16343"}],"version-history":[{"count":1,"href":"https:\/\/zoomproducciones.com.ar\/zoomp\/wp-json\/wp\/v2\/posts\/16343\/revisions"}],"predecessor-version":[{"id":16348,"href":"https:\/\/zoomproducciones.com.ar\/zoomp\/wp-json\/wp\/v2\/posts\/16343\/revisions\/16348"}],"wp:featuredmedia":[{"embeddable":true,"href":"https:\/\/zoomproducciones.com.ar\/zoomp\/wp-json\/wp\/v2\/media\/16345"}],"wp:attachment":[{"href":"https:\/\/zoomproducciones.com.ar\/zoomp\/wp-json\/wp\/v2\/media?parent=16343"}],"wp:term":[{"taxonomy":"category","embeddable":true,"href":"https:\/\/zoomproducciones.com.ar\/zoomp\/wp-json\/wp\/v2\/categories?post=16343"},{"taxonomy":"post_tag","embeddable":true,"href":"https:\/\/zoomproducciones.com.ar\/zoomp\/wp-json\/wp\/v2\/tags?post=16343"}],"curies":[{"name":"wp","href":"https:\/\/api.w.org\/{rel}","templated":true}]}}