{"id":16341,"date":"2024-06-10T21:20:23","date_gmt":"2024-06-11T00:20:23","guid":{"rendered":"http:\/\/zoomproducciones.com.ar\/zoomp\/?p=16341"},"modified":"2024-06-10T21:20:24","modified_gmt":"2024-06-11T00:20:24","slug":"thelma-fardin-tras-la-condena-a-darthes-habia-perdido-la-fe-en-la-justicia","status":"publish","type":"post","link":"https:\/\/zoomproducciones.com.ar\/zoomp\/thelma-fardin-tras-la-condena-a-darthes-habia-perdido-la-fe-en-la-justicia\/","title":{"rendered":"Thelma Fardin tras la condena a Darth\u00e9s: \u00abHab\u00eda perdido la fe en la Justicia\u00bb"},"content":{"rendered":"\n<p>Thelma Fardin, quien denunci\u00f3 a Juan Darth\u00e9s por violaci\u00f3n en 2018, confes\u00f3 este lunes que no esperaba un fallo favorable en el caso, ya que \u00abhab\u00eda perdido la fe y la esperanza en la Justicia\u00bb.<\/p>\n\n\n\n<p>Tras la condena a seis a\u00f1os de prisi\u00f3n para Darth\u00e9s en Brasil, Fardin manifest\u00f3 en conferencia de prensa que la sentencia representa un \u00abmensaje de esperanza\u00bb para las personas que sufren abusos, demostrando que \u00abhay una posibilidad de reparaci\u00f3n en la Justicia, por m\u00e1s que la persona a denunciar sea muy poderosa\u00bb.<\/p>\n\n\n\n<p>La actriz, quien recibi\u00f3 el apoyo de Amnist\u00eda Internacional, su equipo legal y el movimiento de mujeres, destac\u00f3 la importancia de \u00abconstruir una sociedad desde la empat\u00eda\u00bb, reconociendo las dificultades que enfrentan las v\u00edctimas al denunciar este tipo de delitos.<\/p>\n\n\n\n<p>\u00abEs un d\u00eda con muchas emociones. Estoy muy movilizada. Gracias a las personas que se animaron a hablar despu\u00e9s de muchos a\u00f1os. Nos pusieron trabas en la rueda\u00bb, se\u00f1al\u00f3 Fardin.<\/p>\n\n\n\n<p>La directora adjunta de Amnist\u00eda Internacional Argentina, Paola Garc\u00eda Rey, resalt\u00f3 que la condena a Darth\u00e9s marca un antes y un despu\u00e9s en las causas de violencia sexual y de g\u00e9nero, especialmente en Latinoam\u00e9rica, donde la impunidad en estos casos es alta.<\/p>\n\n\n\n<p>La abogada de Fardin en Brasil, Carla Andrade Junqueira, explic\u00f3 que el tribunal brasile\u00f1o hizo justicia al valorar la prueba de manera consistente, \u00aba pesar de todos los esfuerzos de las defensas para dejar de lado los precedentes internacionales sobre la valoraci\u00f3n de la prueba\u00bb.<\/p>\n\n\n\n<p>\u00abLa credibilidad en la palabra de Thelma fue clave en este caso, pero adem\u00e1s lo fue todo el acerbo probatorio que aport\u00f3 y que acompa\u00f1\u00f3 ese testimonio\u00bb, a\u00f1adi\u00f3 Garc\u00eda Rey.<\/p>\n\n\n\n<p>La condena a Darth\u00e9s se logr\u00f3 gracias a la valent\u00eda de Fardin, el apoyo de organizaciones como Amnist\u00eda Internacional y la labor de equipos legales que lucharon por la justicia. La sentencia representa un triunfo para la lucha contra la violencia de g\u00e9nero, pero tambi\u00e9n un llamado a fortalecer el sistema judicial para garantizar una mayor protecci\u00f3n a las v\u00edctimas y un sistema judicial que responda a sus necesidades.<\/p>\n","protected":false},"excerpt":{"rendered":"<p>Thelma Fardin, quien denunci\u00f3 a Juan Darth\u00e9s por violaci\u00f3n en 2018, confes\u00f3 este lunes que no esperaba un fallo favorable en el caso, ya que \u00abhab\u00eda perdido la fe y la esperanza en la Justicia\u00bb. Tras la condena a seis a\u00f1os de prisi\u00f3n para Darth\u00e9s en Brasil, Fardin manifest\u00f3 en conferencia de prensa que la [&hellip;]<\/p>\n","protected":false},"author":2,"featured_media":16342,"comment_status":"closed","ping_status":"open","sticky":false,"template":"","format":"standard","meta":{"footnotes":""},"categories":[8],"tags":[118,511],"class_list":{"0":"post-16341","1":"post","2":"type-post","3":"status-publish","4":"format-standard","5":"has-post-thumbnail","7":"category-nacionales","8":"tag-argentina","9":"tag-bloque-2"},"_links":{"self":[{"href":"https:\/\/zoomproducciones.com.ar\/zoomp\/wp-json\/wp\/v2\/posts\/16341","targetHints":{"allow":["GET"]}}],"collection":[{"href":"https:\/\/zoomproducciones.com.ar\/zoomp\/wp-json\/wp\/v2\/posts"}],"about":[{"href":"https:\/\/zoomproducciones.com.ar\/zoomp\/wp-json\/wp\/v2\/types\/post"}],"author":[{"embeddable":true,"href":"https:\/\/zoomproducciones.com.ar\/zoomp\/wp-json\/wp\/v2\/users\/2"}],"replies":[{"embeddable":true,"href":"https:\/\/zoomproducciones.com.ar\/zoomp\/wp-json\/wp\/v2\/comments?post=16341"}],"version-history":[{"count":1,"href":"https:\/\/zoomproducciones.com.ar\/zoomp\/wp-json\/wp\/v2\/posts\/16341\/revisions"}],"predecessor-version":[{"id":16347,"href":"https:\/\/zoomproducciones.com.ar\/zoomp\/wp-json\/wp\/v2\/posts\/16341\/revisions\/16347"}],"wp:featuredmedia":[{"embeddable":true,"href":"https:\/\/zoomproducciones.com.ar\/zoomp\/wp-json\/wp\/v2\/media\/16342"}],"wp:attachment":[{"href":"https:\/\/zoomproducciones.com.ar\/zoomp\/wp-json\/wp\/v2\/media?parent=16341"}],"wp:term":[{"taxonomy":"category","embeddable":true,"href":"https:\/\/zoomproducciones.com.ar\/zoomp\/wp-json\/wp\/v2\/categories?post=16341"},{"taxonomy":"post_tag","embeddable":true,"href":"https:\/\/zoomproducciones.com.ar\/zoomp\/wp-json\/wp\/v2\/tags?post=16341"}],"curies":[{"name":"wp","href":"https:\/\/api.w.org\/{rel}","templated":true}]}}