{"id":16338,"date":"2024-06-10T21:20:28","date_gmt":"2024-06-11T00:20:28","guid":{"rendered":"http:\/\/zoomproducciones.com.ar\/zoomp\/?p=16338"},"modified":"2024-06-10T21:20:28","modified_gmt":"2024-06-11T00:20:28","slug":"el-senado-se-prepara-para-una-sesion-maratonica-por-la-ley-de-bases-y-el-paquete-fiscal","status":"publish","type":"post","link":"https:\/\/zoomproducciones.com.ar\/zoomp\/el-senado-se-prepara-para-una-sesion-maratonica-por-la-ley-de-bases-y-el-paquete-fiscal\/","title":{"rendered":"El Senado se prepara para una sesi\u00f3n marat\u00f3nica por la ley de Bases y el paquete fiscal"},"content":{"rendered":"\n<p>La vicepresidenta Victoria Villarruel, titular del Senado, encabez\u00f3 una reuni\u00f3n de labor parlamentaria con los jefes de los bloques para diagramar la sesi\u00f3n del pr\u00f3ximo mi\u00e9rcoles, en la que se debatir\u00e1 la ley de Bases y el paquete fiscal.<\/p>\n\n\n\n<p>Se acord\u00f3 que ambos proyectos se discutir\u00e1n por separado y se votar\u00e1n por cap\u00edtulos, lo que promete un debate intenso y prolongado.<\/p>\n\n\n\n<p>Para la discusi\u00f3n de la ley de Bases, se establecieron 10 oradores por bloque, incluyendo al peronismo, que actuar\u00e1 como interbloque con dos bloques, Unidad Ciudadana y Frente Nacional y Popular.<\/p>\n\n\n\n<p>En el caso del paquete fiscal, la cantidad de oradores se reduce a 5 por bloque, con la posibilidad de un cuarto intermedio, como ocurri\u00f3 en Diputados durante la discusi\u00f3n de la ley de Bases en febrero.<\/p>\n\n\n\n<p>La votaci\u00f3n por cap\u00edtulos abre la puerta a la posibilidad de modificaciones durante la votaci\u00f3n en particular, lo que podr\u00eda generar tensiones entre los bloques y, en algunos casos, hasta el oficialismo podr\u00eda impulsarlos.<\/p>\n\n\n\n<p>El ejemplo m\u00e1s claro es el caso de Aerol\u00edneas Argentinas, cuya eventual privatizaci\u00f3n podr\u00eda enfrentar oposici\u00f3n en el Senado.<\/p>\n\n\n\n<p>Se estima que la discusi\u00f3n de la ley de Bases durar\u00e1 m\u00e1s de 6 horas, lo que podr\u00eda llevar a un cuarto intermedio para continuar con el debate del paquete fiscal el jueves.<\/p>\n\n\n\n<p>La decisi\u00f3n de debatir por cap\u00edtulos refleja la gran cantidad de disidencias presentadas al dictamen de mayor\u00eda sobre la ley de Bases, lo que indica que el debate ser\u00e1 profundo y con posiciones divergentes.<\/p>\n\n\n\n<p>La sesi\u00f3n del Senado promete ser un escenario complejo con una batalla por cada art\u00edculo de las leyes, con la posibilidad de modificaciones y un resultado incierto.<\/p>\n","protected":false},"excerpt":{"rendered":"<p>La vicepresidenta Victoria Villarruel, titular del Senado, encabez\u00f3 una reuni\u00f3n de labor parlamentaria con los jefes de los bloques para diagramar la sesi\u00f3n del pr\u00f3ximo mi\u00e9rcoles, en la que se debatir\u00e1 la ley de Bases y el paquete fiscal. Se acord\u00f3 que ambos proyectos se discutir\u00e1n por separado y se votar\u00e1n por cap\u00edtulos, lo que [&hellip;]<\/p>\n","protected":false},"author":2,"featured_media":16241,"comment_status":"closed","ping_status":"open","sticky":false,"template":"","format":"standard","meta":{"footnotes":""},"categories":[8],"tags":[118,511],"class_list":{"0":"post-16338","1":"post","2":"type-post","3":"status-publish","4":"format-standard","5":"has-post-thumbnail","7":"category-nacionales","8":"tag-argentina","9":"tag-bloque-2"},"_links":{"self":[{"href":"https:\/\/zoomproducciones.com.ar\/zoomp\/wp-json\/wp\/v2\/posts\/16338","targetHints":{"allow":["GET"]}}],"collection":[{"href":"https:\/\/zoomproducciones.com.ar\/zoomp\/wp-json\/wp\/v2\/posts"}],"about":[{"href":"https:\/\/zoomproducciones.com.ar\/zoomp\/wp-json\/wp\/v2\/types\/post"}],"author":[{"embeddable":true,"href":"https:\/\/zoomproducciones.com.ar\/zoomp\/wp-json\/wp\/v2\/users\/2"}],"replies":[{"embeddable":true,"href":"https:\/\/zoomproducciones.com.ar\/zoomp\/wp-json\/wp\/v2\/comments?post=16338"}],"version-history":[{"count":1,"href":"https:\/\/zoomproducciones.com.ar\/zoomp\/wp-json\/wp\/v2\/posts\/16338\/revisions"}],"predecessor-version":[{"id":16349,"href":"https:\/\/zoomproducciones.com.ar\/zoomp\/wp-json\/wp\/v2\/posts\/16338\/revisions\/16349"}],"wp:featuredmedia":[{"embeddable":true,"href":"https:\/\/zoomproducciones.com.ar\/zoomp\/wp-json\/wp\/v2\/media\/16241"}],"wp:attachment":[{"href":"https:\/\/zoomproducciones.com.ar\/zoomp\/wp-json\/wp\/v2\/media?parent=16338"}],"wp:term":[{"taxonomy":"category","embeddable":true,"href":"https:\/\/zoomproducciones.com.ar\/zoomp\/wp-json\/wp\/v2\/categories?post=16338"},{"taxonomy":"post_tag","embeddable":true,"href":"https:\/\/zoomproducciones.com.ar\/zoomp\/wp-json\/wp\/v2\/tags?post=16338"}],"curies":[{"name":"wp","href":"https:\/\/api.w.org\/{rel}","templated":true}]}}