{"id":16314,"date":"2024-06-10T08:51:54","date_gmt":"2024-06-10T11:51:54","guid":{"rendered":"http:\/\/zoomproducciones.com.ar\/zoomp\/?p=16314"},"modified":"2024-06-10T08:51:54","modified_gmt":"2024-06-10T11:51:54","slug":"mario-bofil-se-encuentra-internado-en-el-cardiologico-de-corrientes-capital","status":"publish","type":"post","link":"https:\/\/zoomproducciones.com.ar\/zoomp\/mario-bofil-se-encuentra-internado-en-el-cardiologico-de-corrientes-capital\/","title":{"rendered":"Mario Bofil se encuentra internado en el Cardiol\u00f3gico de Corrientes Capital"},"content":{"rendered":"\n<p>El reconocido chamamecero Mario Bofill fue internado&nbsp;el domingo&nbsp;en el Instituto Cardiol\u00f3gico de la ciudad de Corrientes, seg\u00fan se\u00f1alaron fuentes cercanas al m\u00fasico.<\/p>\n\n\n\n<p>Desde el centro de salud precisaron&nbsp;este lunes el parte medico, donde indican que Bofill&nbsp;\u00abest\u00e1 cursando el segundo d\u00eda de observaci\u00f3n cl\u00ednica, por presentar un cuadro cl\u00ednico de d\u00e9ficit neurol\u00f3gico transitorio\u00bb.<\/p>\n\n\n\n<p>Asimismo, detallaron&nbsp;que \u00abse le realizaron los estudios correspondientes y est\u00e1 siendo atendido por el especialista en neuro intervencionismo endovascular y un equipo multidisciplinario de profesionales, sin que por el momento fuera necesario tomar otra conducta\u00bb.&nbsp;<\/p>\n\n\n\n<p>\u00abA pesar de ser un paciente con m\u00faltiples afecciones vasculares (pan vascular) el paciente se encuentra l\u00facido, colaborador, compensado y en buen estado cl\u00ednico\u00bb, afirmaron desde el&nbsp; Instituto de Cardiolog\u00eda.&nbsp;<\/p>\n\n\n\n<p><strong>Parte m\u00e9dico oficial<\/strong><\/p>\n\n\n\n<p><em>El paciente est\u00e1 cursando el segundo d\u00eda de observaci\u00f3n cl\u00ednica, por presentar un cuadro cl\u00ednico de d\u00e9ficit neurologico transitorio. Se realizaron los estudios correspondientes y est\u00e1 siendo atendido por el especialista en neurointervencionismo endovascular y un equipo multidisciplinario de profesionales, sin que por el momento fuera necesario tomar otra conducta.&nbsp;<\/em><\/p>\n\n\n\n<p>A pesar de ser un paciente con m\u00faltiples afecciones vasculares (pan vascular) el paciente se encuentra l\u00facido, colaborador, compensado y en buen estado cl\u00ednico.<\/p>\n\n\n\n<p>Fuente Diario El Litoral.<\/p>\n","protected":false},"excerpt":{"rendered":"<p>El reconocido chamamecero Mario Bofill fue internado&nbsp;el domingo&nbsp;en el Instituto Cardiol\u00f3gico de la ciudad de Corrientes, seg\u00fan se\u00f1alaron fuentes cercanas al m\u00fasico. Desde el centro de salud precisaron&nbsp;este lunes el parte medico, donde indican que Bofill&nbsp;\u00abest\u00e1 cursando el segundo d\u00eda de observaci\u00f3n cl\u00ednica, por presentar un cuadro cl\u00ednico de d\u00e9ficit neurol\u00f3gico transitorio\u00bb. Asimismo, detallaron&nbsp;que \u00abse [&hellip;]<\/p>\n","protected":false},"author":2,"featured_media":16315,"comment_status":"closed","ping_status":"open","sticky":false,"template":"","format":"standard","meta":{"footnotes":""},"categories":[3],"tags":[511],"class_list":{"0":"post-16314","1":"post","2":"type-post","3":"status-publish","4":"format-standard","5":"has-post-thumbnail","7":"category-provinciales","8":"tag-bloque-2"},"_links":{"self":[{"href":"https:\/\/zoomproducciones.com.ar\/zoomp\/wp-json\/wp\/v2\/posts\/16314","targetHints":{"allow":["GET"]}}],"collection":[{"href":"https:\/\/zoomproducciones.com.ar\/zoomp\/wp-json\/wp\/v2\/posts"}],"about":[{"href":"https:\/\/zoomproducciones.com.ar\/zoomp\/wp-json\/wp\/v2\/types\/post"}],"author":[{"embeddable":true,"href":"https:\/\/zoomproducciones.com.ar\/zoomp\/wp-json\/wp\/v2\/users\/2"}],"replies":[{"embeddable":true,"href":"https:\/\/zoomproducciones.com.ar\/zoomp\/wp-json\/wp\/v2\/comments?post=16314"}],"version-history":[{"count":1,"href":"https:\/\/zoomproducciones.com.ar\/zoomp\/wp-json\/wp\/v2\/posts\/16314\/revisions"}],"predecessor-version":[{"id":16316,"href":"https:\/\/zoomproducciones.com.ar\/zoomp\/wp-json\/wp\/v2\/posts\/16314\/revisions\/16316"}],"wp:featuredmedia":[{"embeddable":true,"href":"https:\/\/zoomproducciones.com.ar\/zoomp\/wp-json\/wp\/v2\/media\/16315"}],"wp:attachment":[{"href":"https:\/\/zoomproducciones.com.ar\/zoomp\/wp-json\/wp\/v2\/media?parent=16314"}],"wp:term":[{"taxonomy":"category","embeddable":true,"href":"https:\/\/zoomproducciones.com.ar\/zoomp\/wp-json\/wp\/v2\/categories?post=16314"},{"taxonomy":"post_tag","embeddable":true,"href":"https:\/\/zoomproducciones.com.ar\/zoomp\/wp-json\/wp\/v2\/tags?post=16314"}],"curies":[{"name":"wp","href":"https:\/\/api.w.org\/{rel}","templated":true}]}}