{"id":16250,"date":"2024-06-07T08:03:43","date_gmt":"2024-06-07T11:03:43","guid":{"rendered":"http:\/\/zoomproducciones.com.ar\/zoomp\/?p=16250"},"modified":"2024-06-07T08:03:43","modified_gmt":"2024-06-07T11:03:43","slug":"valdes-se-reunio-con-el-bid-en-washington-para-analizar-proyectos-en-corrientes","status":"publish","type":"post","link":"https:\/\/zoomproducciones.com.ar\/zoomp\/valdes-se-reunio-con-el-bid-en-washington-para-analizar-proyectos-en-corrientes\/","title":{"rendered":"Vald\u00e9s se reuni\u00f3 con el BID en Washington para analizar proyectos en Corrientes"},"content":{"rendered":"\n<p>El gobernador de Corrientes, <strong>Gustavo Vald\u00e9s, se reuni\u00f3 con el presidente del Banco Interamericano de Desarrollo (BID),<\/strong> Ilan Goldfajn, durante su visita a Washington para repasar las obras que el organismo ejecuta en la provincia y las posibles futuras inversiones.<\/p>\n\n\n\n<p>Vald\u00e9s destac\u00f3 la <strong>\u00abgran relaci\u00f3n\u00bb que Corrientes tiene con el BID, <\/strong>resaltando la buena calificaci\u00f3n de la provincia y la intenci\u00f3n de seguir trabajando en conjunto.<\/p>\n\n\n\n<p>El encuentro se centr\u00f3 en analizar el potencial de Corrientes en \u00e1reas como la<strong> log\u00edstica, el desarrollo industrial, la infraestructura y la energ\u00eda.<\/strong> Vald\u00e9s mencion\u00f3 espec\u00edficamente el<strong> parque industrial y el puerto de Paso de los Libres, <\/strong>el puerto de Ituzaing\u00f3 y la ubicaci\u00f3n estrat\u00e9gica de la provincia dentro del Mercosur.<\/p>\n\n\n\n<p>Adem\u00e1s,<strong> se abord\u00f3 el impacto de los problemas clim\u00e1ticos en la regi\u00f3n,<\/strong> como las inundaciones y sequ\u00edas, y la necesidad de desarrollar proyectos de infraestructura para mitigar estos efectos.<\/p>\n\n\n\n<p><strong>Vald\u00e9s tambi\u00e9n mencion\u00f3 la aprobaci\u00f3n del financiamiento por parte del BID para la construcci\u00f3n del segundo puente<\/strong> entre Chaco y Corrientes, una obra clave para la log\u00edstica del norte argentino.<\/p>\n\n\n\n<p>Durante su visita a Estados Unidos, Vald\u00e9s tambi\u00e9n se reuni\u00f3 con el representante argentino ante el Banco Mundial, Daniel Pierini, para discutir sobre infraestructura e inversiones en empresas productoras de materias primas, as\u00ed como proyectos de asistencia social, educaci\u00f3n y capital humano.<\/p>\n\n\n\n<p>Asimismo, mantuvo un encuentro con el titular de Pol\u00edtica Agr\u00edcola y el director para el Cono Sur del Departamento de Estado de los Estados Unidos, con el objetivo de posicionar los productos c\u00edtricos de la provincia en el mercado internacional y atraer nuevas inversiones al sector.<\/p>\n\n\n\n<p>La gira de Vald\u00e9s a Washington busca fortalecer las relaciones con organismos internacionales y atraer inversiones para el desarrollo de Corrientes.<\/p>\n","protected":false},"excerpt":{"rendered":"<p>El gobernador de Corrientes, Gustavo Vald\u00e9s, se reuni\u00f3 con el presidente del Banco Interamericano de Desarrollo (BID), Ilan Goldfajn, durante su visita a Washington para repasar las obras que el organismo ejecuta en la provincia y las posibles futuras inversiones. Vald\u00e9s destac\u00f3 la \u00abgran relaci\u00f3n\u00bb que Corrientes tiene con el BID, resaltando la buena calificaci\u00f3n [&hellip;]<\/p>\n","protected":false},"author":2,"featured_media":16251,"comment_status":"closed","ping_status":"open","sticky":false,"template":"","format":"standard","meta":{"footnotes":""},"categories":[3],"tags":[511,125],"class_list":{"0":"post-16250","1":"post","2":"type-post","3":"status-publish","4":"format-standard","5":"has-post-thumbnail","7":"category-provinciales","8":"tag-bloque-2","9":"tag-corrientes"},"_links":{"self":[{"href":"https:\/\/zoomproducciones.com.ar\/zoomp\/wp-json\/wp\/v2\/posts\/16250","targetHints":{"allow":["GET"]}}],"collection":[{"href":"https:\/\/zoomproducciones.com.ar\/zoomp\/wp-json\/wp\/v2\/posts"}],"about":[{"href":"https:\/\/zoomproducciones.com.ar\/zoomp\/wp-json\/wp\/v2\/types\/post"}],"author":[{"embeddable":true,"href":"https:\/\/zoomproducciones.com.ar\/zoomp\/wp-json\/wp\/v2\/users\/2"}],"replies":[{"embeddable":true,"href":"https:\/\/zoomproducciones.com.ar\/zoomp\/wp-json\/wp\/v2\/comments?post=16250"}],"version-history":[{"count":1,"href":"https:\/\/zoomproducciones.com.ar\/zoomp\/wp-json\/wp\/v2\/posts\/16250\/revisions"}],"predecessor-version":[{"id":16252,"href":"https:\/\/zoomproducciones.com.ar\/zoomp\/wp-json\/wp\/v2\/posts\/16250\/revisions\/16252"}],"wp:featuredmedia":[{"embeddable":true,"href":"https:\/\/zoomproducciones.com.ar\/zoomp\/wp-json\/wp\/v2\/media\/16251"}],"wp:attachment":[{"href":"https:\/\/zoomproducciones.com.ar\/zoomp\/wp-json\/wp\/v2\/media?parent=16250"}],"wp:term":[{"taxonomy":"category","embeddable":true,"href":"https:\/\/zoomproducciones.com.ar\/zoomp\/wp-json\/wp\/v2\/categories?post=16250"},{"taxonomy":"post_tag","embeddable":true,"href":"https:\/\/zoomproducciones.com.ar\/zoomp\/wp-json\/wp\/v2\/tags?post=16250"}],"curies":[{"name":"wp","href":"https:\/\/api.w.org\/{rel}","templated":true}]}}