{"id":15916,"date":"2024-05-29T06:42:44","date_gmt":"2024-05-29T09:42:44","guid":{"rendered":"http:\/\/zoomproducciones.com.ar\/zoomp\/?p=15916"},"modified":"2024-05-29T06:42:44","modified_gmt":"2024-05-29T09:42:44","slug":"nunca-quise-que-terminara-asi-thomsen-rompe-el-silencio-tras-cuatro-anos-del-crimen-de-baez-sosa","status":"publish","type":"post","link":"https:\/\/zoomproducciones.com.ar\/zoomp\/nunca-quise-que-terminara-asi-thomsen-rompe-el-silencio-tras-cuatro-anos-del-crimen-de-baez-sosa\/","title":{"rendered":"\u00abNunca quise que terminara as\u00ed\u00bb: Thomsen rompe el silencio tras cuatro a\u00f1os del crimen de B\u00e1ez Sosa"},"content":{"rendered":"\n<p>M\u00e1ximo Thomsen, condenado a prisi\u00f3n perpetua por su participaci\u00f3n en el crimen de Fernando B\u00e1ez Sosa en enero de 2020, rompi\u00f3 el silencio desde la c\u00e1rcel en una entrevista para el noticiero \u00abTelenoche\u00bb de El Trece. <\/p>\n\n\n\n<p>Thomsen expres\u00f3 que n<strong>unca imagin\u00f3 que podr\u00eda causarle da\u00f1o a alguien usando sus manos y su cuerpo,<\/strong> y pidi\u00f3 <strong>no ser responsabilizado por las acciones de los dem\u00e1s<\/strong> implicados en el crimen.<\/p>\n\n\n\n<p>El condenado comparti\u00f3 que<strong> reza diariamente por la v\u00edctima y que ha querido hablar sobre lo ocurrido desde hace varios a\u00f1os<\/strong>. Describi\u00f3 al grupo de amigos como ocasional, simplemente junt\u00e1ndose para vacacionar. <strong>Reconoci\u00f3 que consum\u00eda alcohol como forma de diversi\u00f3n<\/strong>, aunque asegur\u00f3 que no consum\u00eda drogas.<\/p>\n\n\n\n<p>Al recordar la tr\u00e1gica noche, Thomsen mencion\u00f3 que su estado al llegar al boliche era de embriaguez. Explic\u00f3 que, durante un altercado dentro del establecimiento, fue sacado junto a un amigo. <\/p>\n\n\n\n<p>\u00abEra la segunda noche desde que llegamos. Era la primera noche que salimos. Yo llegu\u00e9 borracho al boliche. Lo que me acuerdo es que yo estaba agarrado de la barra, de espalda a la pista, y siento que alguien se me hab\u00eda ca\u00eddo encima. Era Mat\u00edas (Benicelli) que me dicen que le hab\u00edan pegado y nos sacan a los dos. Yo no sab\u00eda,<strong> pero era Fernando B\u00e1ez Sosa el que le peg\u00f3 a Mat\u00edas una pi\u00f1a en la frente<\/strong>\u00ab.<\/p>\n\n\n\n<p>\u00abYo nunca me pele\u00e9 dentro del boliche. Nunca tuve contacto visual con Fernando. Cuando me sacan, siento que me estaban asfixiando. Afuera mis amigos se vuelven a pelear y cuando\u00a0<br>terminan cruzamos. <strong>De frente vemos alguien que nos hac\u00eda burla y era Fernando<\/strong>\u00ab, indic\u00f3 y explic\u00f3 que sali\u00f3 corriendo con sus amigos porque formaba parte del grupo.<\/p>\n\n\n\n<p>Ante la consulta sobre qui\u00e9n le pega primero a Fernando, dijo qu<strong>e \u201cfue Enzo\u201d (Comelli)\u00a0<\/strong>y luego reconoci\u00f3: \u00ab<strong>Yo tambi\u00e9n le pegu\u00e9. Recuerdo que entr\u00e9 a tirar patadas<\/strong>. Por mi cabeza pasaba que me estaba metiendo en una pelea. <strong>Yo no le pegu\u00e9 una patada en la cabeza a Fernando, fue Ciro<\/strong> (Pertossi), <strong>pero no llego a pegarle<\/strong>\u00ab.<\/p>\n\n\n\n<p>A pesar de no recordarlo, admiti\u00f3 que la suela de su zapatilla qued\u00f3 marcada en el rostro de la v\u00edctima.<\/p>\n\n\n\n<p>Thomsen comparti\u00f3 que nadie esperaba que la situaci\u00f3n terminara de esa manera y asumi\u00f3 parte de la responsabilidad. Se sinti\u00f3 impactado al darse cuenta de la gravedad de los eventos al d\u00eda siguiente. Respecto a su defensa legal, cambi\u00f3 de abogado debido a diferencias en la estrategia legal y ahora lo representa <strong>Francisco Oneto<\/strong>, ex candidato a vicegobernador bonaerense por La Libertad Avanza (LLA).<\/p>\n\n\n\n<p>Fuente: Noticias Argentinas.<\/p>\n","protected":false},"excerpt":{"rendered":"<p>M\u00e1ximo Thomsen, condenado a prisi\u00f3n perpetua por su participaci\u00f3n en el crimen de Fernando B\u00e1ez Sosa en enero de 2020, rompi\u00f3 el silencio desde la c\u00e1rcel en una entrevista para el noticiero \u00abTelenoche\u00bb de El Trece. Thomsen expres\u00f3 que nunca imagin\u00f3 que podr\u00eda causarle da\u00f1o a alguien usando sus manos y su cuerpo, y pidi\u00f3 [&hellip;]<\/p>\n","protected":false},"author":2,"featured_media":15917,"comment_status":"closed","ping_status":"open","sticky":false,"template":"","format":"standard","meta":{"footnotes":""},"categories":[8],"tags":[118,42],"class_list":{"0":"post-15916","1":"post","2":"type-post","3":"status-publish","4":"format-standard","5":"has-post-thumbnail","7":"category-nacionales","8":"tag-argentina","9":"tag-featured"},"_links":{"self":[{"href":"https:\/\/zoomproducciones.com.ar\/zoomp\/wp-json\/wp\/v2\/posts\/15916","targetHints":{"allow":["GET"]}}],"collection":[{"href":"https:\/\/zoomproducciones.com.ar\/zoomp\/wp-json\/wp\/v2\/posts"}],"about":[{"href":"https:\/\/zoomproducciones.com.ar\/zoomp\/wp-json\/wp\/v2\/types\/post"}],"author":[{"embeddable":true,"href":"https:\/\/zoomproducciones.com.ar\/zoomp\/wp-json\/wp\/v2\/users\/2"}],"replies":[{"embeddable":true,"href":"https:\/\/zoomproducciones.com.ar\/zoomp\/wp-json\/wp\/v2\/comments?post=15916"}],"version-history":[{"count":1,"href":"https:\/\/zoomproducciones.com.ar\/zoomp\/wp-json\/wp\/v2\/posts\/15916\/revisions"}],"predecessor-version":[{"id":15921,"href":"https:\/\/zoomproducciones.com.ar\/zoomp\/wp-json\/wp\/v2\/posts\/15916\/revisions\/15921"}],"wp:featuredmedia":[{"embeddable":true,"href":"https:\/\/zoomproducciones.com.ar\/zoomp\/wp-json\/wp\/v2\/media\/15917"}],"wp:attachment":[{"href":"https:\/\/zoomproducciones.com.ar\/zoomp\/wp-json\/wp\/v2\/media?parent=15916"}],"wp:term":[{"taxonomy":"category","embeddable":true,"href":"https:\/\/zoomproducciones.com.ar\/zoomp\/wp-json\/wp\/v2\/categories?post=15916"},{"taxonomy":"post_tag","embeddable":true,"href":"https:\/\/zoomproducciones.com.ar\/zoomp\/wp-json\/wp\/v2\/tags?post=15916"}],"curies":[{"name":"wp","href":"https:\/\/api.w.org\/{rel}","templated":true}]}}