{"id":15899,"date":"2024-05-28T07:05:38","date_gmt":"2024-05-28T10:05:38","guid":{"rendered":"http:\/\/zoomproducciones.com.ar\/zoomp\/?p=15899"},"modified":"2024-05-28T07:05:39","modified_gmt":"2024-05-28T10:05:39","slug":"detuvieron-a-patito-por-robo-calificado-y-agresion-con-cuchillo","status":"publish","type":"post","link":"https:\/\/zoomproducciones.com.ar\/zoomp\/detuvieron-a-patito-por-robo-calificado-y-agresion-con-cuchillo\/","title":{"rendered":"Detuvieron a &#8216;Patito&#8217; por robo calificado y agresi\u00f3n con cuchillo"},"content":{"rendered":"\n<p>Personal de Investigaciones de la ciudad de Paso de los Libres detuvo a un joven identificado como Cardozo D., apodado \u00abPatito\u00bb, por un robo calificado ocurrido en la intersecci\u00f3n de calles Madariaga y Brasil.<\/p>\n\n\n\n<p>El joven intercept\u00f3 a un grupo de chicas, atac\u00f3 a una de ellas con un cuchillo y le rob\u00f3 su tel\u00e9fono celular.<\/p>\n\n\n\n<p>Gracias al an\u00e1lisis de c\u00e1maras de seguridad de la zona, se logr\u00f3 obtener la imagen del rostro del autor y el momento del hecho. Con esta informaci\u00f3n, la Fiscal\u00eda solicit\u00f3 una orden de allanamiento, secuestro y detenci\u00f3n del joven.<\/p>\n\n\n\n<p>El juez de garant\u00eda expidi\u00f3 la orden judicial y se realiz\u00f3 el procedimiento en el barrio La Tablita, tambi\u00e9n conocido como La Nueva Esperanza.<\/p>\n\n\n\n<p>Cardozo D. tiene un extenso historial delictivo con causas por robo, robo calificado y otros delitos contra la propiedad y las personas.<\/p>\n\n\n\n<p>El detenido fue puesto a disposici\u00f3n de las autoridades judiciales. El trabajo de investigaci\u00f3n se llev\u00f3 a cabo en conjunto con personal de las Comisar\u00edas 1ra, 2da y 3ra de Paso de los Libres.<\/p>\n","protected":false},"excerpt":{"rendered":"<p>Personal de Investigaciones de la ciudad de Paso de los Libres detuvo a un joven identificado como Cardozo D., apodado \u00abPatito\u00bb, por un robo calificado ocurrido en la intersecci\u00f3n de calles Madariaga y Brasil. El joven intercept\u00f3 a un grupo de chicas, atac\u00f3 a una de ellas con un cuchillo y le rob\u00f3 su tel\u00e9fono [&hellip;]<\/p>\n","protected":false},"author":2,"featured_media":15902,"comment_status":"closed","ping_status":"open","sticky":false,"template":"","format":"standard","meta":{"footnotes":""},"categories":[5],"tags":[42,116],"class_list":{"0":"post-15899","1":"post","2":"type-post","3":"status-publish","4":"format-standard","5":"has-post-thumbnail","7":"category-locales","8":"tag-featured","9":"tag-paso-de-los-libres"},"_links":{"self":[{"href":"https:\/\/zoomproducciones.com.ar\/zoomp\/wp-json\/wp\/v2\/posts\/15899","targetHints":{"allow":["GET"]}}],"collection":[{"href":"https:\/\/zoomproducciones.com.ar\/zoomp\/wp-json\/wp\/v2\/posts"}],"about":[{"href":"https:\/\/zoomproducciones.com.ar\/zoomp\/wp-json\/wp\/v2\/types\/post"}],"author":[{"embeddable":true,"href":"https:\/\/zoomproducciones.com.ar\/zoomp\/wp-json\/wp\/v2\/users\/2"}],"replies":[{"embeddable":true,"href":"https:\/\/zoomproducciones.com.ar\/zoomp\/wp-json\/wp\/v2\/comments?post=15899"}],"version-history":[{"count":1,"href":"https:\/\/zoomproducciones.com.ar\/zoomp\/wp-json\/wp\/v2\/posts\/15899\/revisions"}],"predecessor-version":[{"id":15906,"href":"https:\/\/zoomproducciones.com.ar\/zoomp\/wp-json\/wp\/v2\/posts\/15899\/revisions\/15906"}],"wp:featuredmedia":[{"embeddable":true,"href":"https:\/\/zoomproducciones.com.ar\/zoomp\/wp-json\/wp\/v2\/media\/15902"}],"wp:attachment":[{"href":"https:\/\/zoomproducciones.com.ar\/zoomp\/wp-json\/wp\/v2\/media?parent=15899"}],"wp:term":[{"taxonomy":"category","embeddable":true,"href":"https:\/\/zoomproducciones.com.ar\/zoomp\/wp-json\/wp\/v2\/categories?post=15899"},{"taxonomy":"post_tag","embeddable":true,"href":"https:\/\/zoomproducciones.com.ar\/zoomp\/wp-json\/wp\/v2\/tags?post=15899"}],"curies":[{"name":"wp","href":"https:\/\/api.w.org\/{rel}","templated":true}]}}