{"id":15772,"date":"2024-05-23T07:20:22","date_gmt":"2024-05-23T10:20:22","guid":{"rendered":"http:\/\/zoomproducciones.com.ar\/zoomp\/?p=15772"},"modified":"2024-05-23T07:20:23","modified_gmt":"2024-05-23T10:20:23","slug":"detienen-a-joven-con-dos-carabinas-en-operativo-rural-en-paso-de-los-libres","status":"publish","type":"post","link":"https:\/\/zoomproducciones.com.ar\/zoomp\/detienen-a-joven-con-dos-carabinas-en-operativo-rural-en-paso-de-los-libres\/","title":{"rendered":"Detienen a joven con dos carabinas en operativo rural en Paso de los Libres"},"content":{"rendered":"\n<p>Personal de la Unidad Especial y Ecol\u00f3gica de Paso de los Libres detuvo a un joven en la madrugada de este martes en un operativo en prevenci\u00f3n de delitos rurales y de abigeato.<\/p>\n\n\n\n<p>El procedimiento se llev\u00f3 a cabo alrededor de las 4 de la ma\u00f1ana en el acceso a la Nueva Esperanza, en el cruce de la Ruta Provincial 49 y la Ruta Nacional 14. Al inspeccionar el veh\u00edculo en el que se movilizaba el joven, los agentes encontraron dos carabinas calibre 22, una autom\u00e1tica y otra semiautom\u00e1tica con cargador y mira telesc\u00f3pica.<\/p>\n\n\n\n<p>Si bien el conductor del veh\u00edculo manifest\u00f3 que las armas eran de su propiedad, no pudo acreditar la legalidad de su tenencia. Ante la falta de documentaci\u00f3n y la reciente ocurrencia de robos de ganado en la zona, se procedi\u00f3 al secuestro preventivo de las armas.<\/p>\n\n\n\n<p>La Fiscal\u00eda de Paso de los Libres dispuso la apertura de una causa judicial de oficio por tenencia ilegal de armas.07:09<\/p>\n","protected":false},"excerpt":{"rendered":"<p>Personal de la Unidad Especial y Ecol\u00f3gica de Paso de los Libres detuvo a un joven en la madrugada de este martes en un operativo en prevenci\u00f3n de delitos rurales y de abigeato. El procedimiento se llev\u00f3 a cabo alrededor de las 4 de la ma\u00f1ana en el acceso a la Nueva Esperanza, en el [&hellip;]<\/p>\n","protected":false},"author":2,"featured_media":15774,"comment_status":"closed","ping_status":"open","sticky":false,"template":"","format":"standard","meta":{"footnotes":""},"categories":[5],"tags":[42,116],"class_list":{"0":"post-15772","1":"post","2":"type-post","3":"status-publish","4":"format-standard","5":"has-post-thumbnail","7":"category-locales","8":"tag-featured","9":"tag-paso-de-los-libres"},"_links":{"self":[{"href":"https:\/\/zoomproducciones.com.ar\/zoomp\/wp-json\/wp\/v2\/posts\/15772","targetHints":{"allow":["GET"]}}],"collection":[{"href":"https:\/\/zoomproducciones.com.ar\/zoomp\/wp-json\/wp\/v2\/posts"}],"about":[{"href":"https:\/\/zoomproducciones.com.ar\/zoomp\/wp-json\/wp\/v2\/types\/post"}],"author":[{"embeddable":true,"href":"https:\/\/zoomproducciones.com.ar\/zoomp\/wp-json\/wp\/v2\/users\/2"}],"replies":[{"embeddable":true,"href":"https:\/\/zoomproducciones.com.ar\/zoomp\/wp-json\/wp\/v2\/comments?post=15772"}],"version-history":[{"count":1,"href":"https:\/\/zoomproducciones.com.ar\/zoomp\/wp-json\/wp\/v2\/posts\/15772\/revisions"}],"predecessor-version":[{"id":15782,"href":"https:\/\/zoomproducciones.com.ar\/zoomp\/wp-json\/wp\/v2\/posts\/15772\/revisions\/15782"}],"wp:featuredmedia":[{"embeddable":true,"href":"https:\/\/zoomproducciones.com.ar\/zoomp\/wp-json\/wp\/v2\/media\/15774"}],"wp:attachment":[{"href":"https:\/\/zoomproducciones.com.ar\/zoomp\/wp-json\/wp\/v2\/media?parent=15772"}],"wp:term":[{"taxonomy":"category","embeddable":true,"href":"https:\/\/zoomproducciones.com.ar\/zoomp\/wp-json\/wp\/v2\/categories?post=15772"},{"taxonomy":"post_tag","embeddable":true,"href":"https:\/\/zoomproducciones.com.ar\/zoomp\/wp-json\/wp\/v2\/tags?post=15772"}],"curies":[{"name":"wp","href":"https:\/\/api.w.org\/{rel}","templated":true}]}}