{"id":14042,"date":"2024-04-03T07:28:11","date_gmt":"2024-04-03T10:28:11","guid":{"rendered":"http:\/\/zoomproducciones.com.ar\/zoomp\/?p=14042"},"modified":"2024-04-03T16:22:09","modified_gmt":"2024-04-03T19:22:09","slug":"vivi-en-vivo-la-apertura-de-sesiones-en-el-concejo-deliberante","status":"publish","type":"post","link":"https:\/\/zoomproducciones.com.ar\/zoomp\/vivi-en-vivo-la-apertura-de-sesiones-en-el-concejo-deliberante\/","title":{"rendered":"Segu\u00ed la transmisi\u00f3n en vivo de la apertura de sesiones en el Concejo Deliberante"},"content":{"rendered":"\n<p>Este mi\u00e9rcoles, a partir de las 10:30 horas, se llevar\u00e1 a cabo la apertura de sesiones del Concejo Deliberante de Paso de los Libres en la sala de Sesiones Presidente Arturo Frondizi.<\/p>\n\n\n\n<p>Seg\u00fan lo establecido en el art\u00edculo 35 de la Carta Org\u00e1nica del Municipio de Paso de los Libres, el jefe del Poder Ejecutivo Municipal es el encargado de abrir las sesiones ordinarias, en donde realiza un discurso que traza balances sobre lo realizado desde el Ejecutivo. <\/p>\n\n\n\n<h2 class=\"wp-block-heading\">Ver en vivo<\/h2>\n\n\n\n<p>Zoom Producciones transmitir\u00e1 esta primera sesi\u00f3n a trav\u00e9s de YouTube y, adem\u00e1s, contar\u00e1 con m\u00f3viles en el lugar.<\/p>\n\n\n\n<p>Suscribite para no perderte de nada:<\/p>\n\n\n\n<p><a href=\"https:\/\/youtube.com\/@ZoomProduccionesLibres?si=A8M3dUzelXyjs3II\">https:\/\/youtube.com\/@ZoomProduccionesLibres?si=A8M3dUzelXyjs3II<\/a><\/p>\n\n\n\n<p><\/p>\n\n\n\n<p><\/p>\n","protected":false},"excerpt":{"rendered":"<p>Este mi\u00e9rcoles, a partir de las 10:30 horas, se llevar\u00e1 a cabo la apertura de sesiones del Concejo Deliberante de Paso de los Libres en la sala de Sesiones Presidente Arturo Frondizi. Seg\u00fan lo establecido en el art\u00edculo 35 de la Carta Org\u00e1nica del Municipio de Paso de los Libres, el jefe del Poder Ejecutivo [&hellip;]<\/p>\n","protected":false},"author":2,"featured_media":14043,"comment_status":"closed","ping_status":"open","sticky":false,"template":"","format":"standard","meta":{"footnotes":""},"categories":[5],"tags":[511,116],"class_list":{"0":"post-14042","1":"post","2":"type-post","3":"status-publish","4":"format-standard","5":"has-post-thumbnail","7":"category-locales","8":"tag-bloque-2","9":"tag-paso-de-los-libres"},"_links":{"self":[{"href":"https:\/\/zoomproducciones.com.ar\/zoomp\/wp-json\/wp\/v2\/posts\/14042","targetHints":{"allow":["GET"]}}],"collection":[{"href":"https:\/\/zoomproducciones.com.ar\/zoomp\/wp-json\/wp\/v2\/posts"}],"about":[{"href":"https:\/\/zoomproducciones.com.ar\/zoomp\/wp-json\/wp\/v2\/types\/post"}],"author":[{"embeddable":true,"href":"https:\/\/zoomproducciones.com.ar\/zoomp\/wp-json\/wp\/v2\/users\/2"}],"replies":[{"embeddable":true,"href":"https:\/\/zoomproducciones.com.ar\/zoomp\/wp-json\/wp\/v2\/comments?post=14042"}],"version-history":[{"count":2,"href":"https:\/\/zoomproducciones.com.ar\/zoomp\/wp-json\/wp\/v2\/posts\/14042\/revisions"}],"predecessor-version":[{"id":14061,"href":"https:\/\/zoomproducciones.com.ar\/zoomp\/wp-json\/wp\/v2\/posts\/14042\/revisions\/14061"}],"wp:featuredmedia":[{"embeddable":true,"href":"https:\/\/zoomproducciones.com.ar\/zoomp\/wp-json\/wp\/v2\/media\/14043"}],"wp:attachment":[{"href":"https:\/\/zoomproducciones.com.ar\/zoomp\/wp-json\/wp\/v2\/media?parent=14042"}],"wp:term":[{"taxonomy":"category","embeddable":true,"href":"https:\/\/zoomproducciones.com.ar\/zoomp\/wp-json\/wp\/v2\/categories?post=14042"},{"taxonomy":"post_tag","embeddable":true,"href":"https:\/\/zoomproducciones.com.ar\/zoomp\/wp-json\/wp\/v2\/tags?post=14042"}],"curies":[{"name":"wp","href":"https:\/\/api.w.org\/{rel}","templated":true}]}}