{"id":14038,"date":"2024-04-02T09:49:37","date_gmt":"2024-04-02T12:49:37","guid":{"rendered":"http:\/\/zoomproducciones.com.ar\/zoomp\/?p=14038"},"modified":"2024-04-02T09:49:37","modified_gmt":"2024-04-02T12:49:37","slug":"valdes-y-otros-9-gobernadores-de-jxc-se-reunen-con-francos","status":"publish","type":"post","link":"https:\/\/zoomproducciones.com.ar\/zoomp\/valdes-y-otros-9-gobernadores-de-jxc-se-reunen-con-francos\/","title":{"rendered":"Vald\u00e9s y otros 9 gobernadores de JxC se re\u00fanen con Francos"},"content":{"rendered":"\n<p><strong>Los diez gobernadores de Juntos por el Cambio\u00a0<\/strong><strong>confirmaron asistencia\u00a0<\/strong>a la convocatoria del ministro del Interior,\u00a0<strong>Guillermo Francos, a la Casa Rosada este jueves<\/strong>. El correntino, Gustavo Vald\u00e9s, es uno de los mandatarios que asistir\u00e1n a la cumbre.<\/p>\n\n\n\n<p>El eje central del encuentro ser\u00e1&nbsp;<strong>ratificar el apoyo a&nbsp;<\/strong>la nueva&nbsp;<strong>Ley \u00d3mnibus<\/strong>, al&nbsp;<strong>mega DNU&nbsp;<\/strong>del presidente Javier Milei y al&nbsp;<strong>Pacto de Mayo<\/strong>, pero tambi\u00e9n llevar\u00e1n una larga lista de&nbsp;<strong>reclamos<\/strong>, que incluir\u00e1 la compensaci\u00f3n por la quita del Impuesto&nbsp;<strong>Ganancias&nbsp;<\/strong>y el debate por su reversi\u00f3n, y la&nbsp;<strong>coparticipaci\u00f3n&nbsp;<\/strong>del&nbsp;<strong>Impuesto al Cheque&nbsp;<\/strong>comprometida en el Pacto Fiscal de 2017, entre otros.<\/p>\n\n\n\n<p>Los cruces de las \u00faltimas horas por el&nbsp;<strong>recorte de partidas para cajas previsionales provinciales<\/strong>, que el Gobierno nacional desminti\u00f3,&nbsp;<strong>volvieron a tensar&nbsp;<\/strong>la relaci\u00f3n con los gobernadores. El tema tambi\u00e9n ser\u00e1 llevado a la mesa de debate por los mandatarios de JxC,&nbsp;<strong>pero por ahora no amenaza con romper el v\u00ednculo<\/strong>. Aunque lo siguen de cerca.<\/p>\n\n\n\n<p>La reuni\u00f3n de este jueves forma parte de una extensa agenda de encuentros que paut\u00f3 Francos -de la que tambi\u00e9n ser\u00eda parte el jefe de Gabinete,&nbsp;<strong>Nicol\u00e1s Posse<\/strong>&#8211; para conseguir los votos que necesita el Gobierno en el Congreso, y no repetir el fracaso que sufrieron la primera versi\u00f3n de la Ley \u00d3mnibus en la C\u00e1mara de Diputados, pese a los recortes que cedi\u00f3 el oficialismo, y el megadecreto en el Senado.<\/p>\n\n\n\n<h2 class=\"wp-block-heading\">Qu\u00e9 postura llevar\u00e1n los gobernadores de JxC a la reuni\u00f3n con Francos<\/h2>\n\n\n\n<p>Originalmente, Francos hab\u00eda pautado una reuni\u00f3n con gobernadores del PRO y de fuerzas provinciales para la semana pasada, pero por \u201cproblemas de agenda\u201d la reprogram\u00f3 para este jueves y cambi\u00f3 la convocatoria. Esta vez&nbsp;<strong>ser\u00e1n de la partida los diez&nbsp;<\/strong>mandatarios provinciales&nbsp;<strong>que pertenecen a JxC, incluidos los radicales&nbsp;<\/strong>que hab\u00edan quedado afuera de la primera lista.<\/p>\n\n\n\n<p>Se reunir\u00e1n con Francos el jefe de Gobierno porte\u00f1o,&nbsp;<strong>Jorge Macri<\/strong>, y los gobernadores de Corrientes,&nbsp;<strong>Gustavo Vald\u00e9s<\/strong>; de Chaco,&nbsp;<strong>Leandro Zdero<\/strong>; de Chubut,&nbsp;<strong>Ignacio Torres<\/strong>; de Entre R\u00edos,&nbsp;<strong>Rogelio Frigerio<\/strong>; de Jujuy,&nbsp;<strong>Carlos Sadir<\/strong>; de Mendoza,&nbsp;<strong>Alfredo Cornejo<\/strong>; de San Luis,&nbsp;<strong>Claudio Poggi<\/strong>; de San Juan,&nbsp;<strong>Marcelo Orrego<\/strong>, y de Santa Fe,&nbsp;<strong>Maximiliano Pullaro<\/strong>.<\/p>\n\n\n\n<p>Seg\u00fan pudo saber&nbsp;<strong>TN<\/strong>, la idea de los mandatarios provinciales es plantear una serie de temas que preocupan en sus jurisdicciones, pero&nbsp;<strong>no tienen previsto ir a confrontar, sino a acordar<\/strong>. Sin embargo, miran de reojo las declaraciones de Milei, que pueden poner en riesgo un v\u00ednculo fr\u00e1gil, que se sostiene m\u00e1s por esfuerzo del ministro del Interior y de los gobernadores -que saben de la necesidad mutua-, que del Presidente y sus principales referentes de las redes sociales.<\/p>\n\n\n\n<p>La idea es acordar, pero los mandatarios provinciales ya mostraron poder de fuego y la amenaza de volver a activarlo sigue latente.<\/p>\n\n\n\n<h2 class=\"wp-block-heading\">Una lista de reclamos y tres respaldos clave<\/h2>\n\n\n\n<p>Los gobernadores de JxC&nbsp;<strong>llevar\u00e1n a la mesa con Francos tres respaldos clave<\/strong>:&nbsp;<strong>a la renovada Ley \u00d3mnibus, al mega DNU y al Pacto de Mayo<\/strong>, pero tambi\u00e9n abrir\u00e1n el&nbsp;<strong>debate sobre las cuestiones fiscales y financieras<\/strong>, fundamentalmente centradas en los recursos que corresponden por ley o por derecho, y rechazar\u00e1n casi un\u00e1nimemente la reversi\u00f3n de la quita del Impuesto a las Ganancias.<\/p>\n\n\n\n<p>Uno de los planteos se centrar\u00e1 en la&nbsp;<strong>compensaci\u00f3n de fondos por el Consenso Fiscal de 2017<\/strong>, que&nbsp;<strong>coparticip\u00f3 el 30% del Impuesto al Cheque&nbsp;<\/strong>y que acumula una&nbsp;<strong>deuda&nbsp;<\/strong>con las provincias. Adem\u00e1s de la necesidad de saldar esa cuenta, los gobernadores pedir\u00e1n que empiece a&nbsp;<strong>cumplirse&nbsp;<\/strong>con lo pautado.<\/p>\n\n\n\n<p>Otra de las&nbsp;<strong>compensaciones&nbsp;<\/strong>que reclamar\u00e1n ser\u00e1 la que hab\u00eda comprometido el exministro de Econom\u00eda, Sergio Massa, al momento de eliminar el Impuesto a las&nbsp;<strong>Ganancias&nbsp;<\/strong>para la cuarta categor\u00eda. Sin embargo,&nbsp;<strong>la mayor\u00eda no estar\u00eda dispuesta a que se vuelva a cobrar<\/strong>, propuesta que plantea el Gobierno como moneda de negociaci\u00f3n. Sumar\u00e1n, adem\u00e1s, los fondos por la rebaja del&nbsp;<strong>IVA<\/strong>.<\/p>\n\n\n\n<p>Tambi\u00e9n reclamar\u00e1n la deuda que mantiene Naci\u00f3n con las&nbsp;<strong>provincias hidroel\u00e9ctricas,<\/strong>&nbsp;por lo que generan las represas, y pedir\u00e1n debatir su&nbsp;<strong>participaci\u00f3n&nbsp;<\/strong>en la renovaci\u00f3n de las&nbsp;<strong>concesiones&nbsp;<\/strong>que vencen este a\u00f1o. Mientras que los gobernadores, m\u00e1s afectados por la eliminaci\u00f3n de la&nbsp;<strong>obra p\u00fablica,<\/strong>&nbsp;pondr\u00e1n el tema sobre la mesa, como lo hicieron en la reuni\u00f3n de la semana pasada de la que particip\u00f3 Francos en Salta, con los mandatarios del Norte Grande.<\/p>\n\n\n\n<h2 class=\"wp-block-heading\">El debate por los fondos previsionales empa\u00f1\u00f3 la previa del encuentro<\/h2>\n\n\n\n<p>Cuando todo parec\u00eda encaminado para la reuni\u00f3n de este jueves, este fin de semana creci\u00f3 un nuevo conflicto, vinculado con una deuda que Naci\u00f3n mantiene con las provincias que&nbsp;<strong>no transfirieron sus cajas previsionales.<\/strong>&nbsp;De las gobernadas&nbsp;<strong>por JxC son Chaco, Chubut, Corrientes, Entre R\u00edos y Santa Fe.<\/strong><\/p>\n\n\n\n<p>\u201cLas partidas dinerarias que estaban en el presupuesto de 2023, que es el que se prorrog\u00f3 este a\u00f1o y cuyas partidas se actualizaron ahora, est\u00e1n, o sea,&nbsp;<strong>con diferencias de nominaci\u00f3n, pero los montos est\u00e1n previstos<\/strong>\u201d, aclar\u00f3&nbsp;<strong>Francos&nbsp;<\/strong>en declaraciones a&nbsp;<em>radio Mitre<\/em>.<\/p>\n\n\n\n<p>Sin embargo, reconoci\u00f3 que \u201c<strong>lo \u00fanico que est\u00e1 en discusi\u00f3n<\/strong>, y que siempre estuvo en discusi\u00f3n,&nbsp;<strong>es cu\u00e1les son los montos&nbsp;<\/strong>a transferir, que es lo dif\u00edcil\u201d. \u201cLa Naci\u00f3n le debe a varias cajas provinciales, algunas han judicializado el tema, y hay algunos amparos, previsto. Pero lo que no est\u00e1 definido, porque hay auditor\u00edas, es el monto transferido\u201d, explic\u00f3.<\/p>\n\n\n\n<p>Seg\u00fan pudo saber&nbsp;<strong>TN<\/strong>, el planteo por ese fondo de compensaci\u00f3n de las cajas jubilatorias comenz\u00f3 en enero, cuando en pleno debate por la primera versi\u00f3n de la Ley \u00d3mnibus hab\u00edan&nbsp;<strong>llegado a un \u201cacuerdo inicial\u201d, que no se cumpli\u00f3<\/strong>. Por eso, ser\u00e1 uno de los temas que los gobernadores&nbsp;<strong>llevar\u00e1n a la mesa de debate&nbsp;<\/strong>de este jueves.<\/p>\n\n\n\n<p>Lo que&nbsp;<strong>dejar\u00edan fuera de agenda&nbsp;<\/strong>ser\u00edan temas clave para otros mandatarios provinciales, especialmente los peronistas, como el reclamo por el&nbsp;<strong>Fondo Compensador al Transporte&nbsp;<\/strong>del Interior, el Fondo de Incentivo Docente (<strong>Fonid<\/strong>) y los giros correspondientes a Aportes del Tesoro Nacional (<strong>ATN<\/strong>).<\/p>\n","protected":false},"excerpt":{"rendered":"<p>Los diez gobernadores de Juntos por el Cambio\u00a0confirmaron asistencia\u00a0a la convocatoria del ministro del Interior,\u00a0Guillermo Francos, a la Casa Rosada este jueves. El correntino, Gustavo Vald\u00e9s, es uno de los mandatarios que asistir\u00e1n a la cumbre. El eje central del encuentro ser\u00e1&nbsp;ratificar el apoyo a&nbsp;la nueva&nbsp;Ley \u00d3mnibus, al&nbsp;mega DNU&nbsp;del presidente Javier Milei y al&nbsp;Pacto de [&hellip;]<\/p>\n","protected":false},"author":2,"featured_media":14039,"comment_status":"closed","ping_status":"open","sticky":false,"template":"","format":"standard","meta":{"footnotes":""},"categories":[8],"tags":[511,123],"class_list":{"0":"post-14038","1":"post","2":"type-post","3":"status-publish","4":"format-standard","5":"has-post-thumbnail","7":"category-nacionales","8":"tag-bloque-2","9":"tag-gustavo-valdes"},"_links":{"self":[{"href":"https:\/\/zoomproducciones.com.ar\/zoomp\/wp-json\/wp\/v2\/posts\/14038","targetHints":{"allow":["GET"]}}],"collection":[{"href":"https:\/\/zoomproducciones.com.ar\/zoomp\/wp-json\/wp\/v2\/posts"}],"about":[{"href":"https:\/\/zoomproducciones.com.ar\/zoomp\/wp-json\/wp\/v2\/types\/post"}],"author":[{"embeddable":true,"href":"https:\/\/zoomproducciones.com.ar\/zoomp\/wp-json\/wp\/v2\/users\/2"}],"replies":[{"embeddable":true,"href":"https:\/\/zoomproducciones.com.ar\/zoomp\/wp-json\/wp\/v2\/comments?post=14038"}],"version-history":[{"count":1,"href":"https:\/\/zoomproducciones.com.ar\/zoomp\/wp-json\/wp\/v2\/posts\/14038\/revisions"}],"predecessor-version":[{"id":14040,"href":"https:\/\/zoomproducciones.com.ar\/zoomp\/wp-json\/wp\/v2\/posts\/14038\/revisions\/14040"}],"wp:featuredmedia":[{"embeddable":true,"href":"https:\/\/zoomproducciones.com.ar\/zoomp\/wp-json\/wp\/v2\/media\/14039"}],"wp:attachment":[{"href":"https:\/\/zoomproducciones.com.ar\/zoomp\/wp-json\/wp\/v2\/media?parent=14038"}],"wp:term":[{"taxonomy":"category","embeddable":true,"href":"https:\/\/zoomproducciones.com.ar\/zoomp\/wp-json\/wp\/v2\/categories?post=14038"},{"taxonomy":"post_tag","embeddable":true,"href":"https:\/\/zoomproducciones.com.ar\/zoomp\/wp-json\/wp\/v2\/tags?post=14038"}],"curies":[{"name":"wp","href":"https:\/\/api.w.org\/{rel}","templated":true}]}}