{"id":14029,"date":"2024-04-02T09:22:42","date_gmt":"2024-04-02T12:22:42","guid":{"rendered":"http:\/\/zoomproducciones.com.ar\/zoomp\/?p=14029"},"modified":"2024-04-02T09:28:16","modified_gmt":"2024-04-02T12:28:16","slug":"paso-de-los-libres-sin-recoleccion-de-residuos-por-el-feriado","status":"publish","type":"post","link":"https:\/\/zoomproducciones.com.ar\/zoomp\/paso-de-los-libres-sin-recoleccion-de-residuos-por-el-feriado\/","title":{"rendered":"Paso de los Libres, sin recolecci\u00f3n de residuos por el feriado"},"content":{"rendered":"\n<p>El Municipio de Paso de los Libres record\u00f3 que este martes el servicio no se llevar\u00e1 adelante el servicio, en contraposici\u00f3n al d\u00eda de ayer (lunes), cuando la prestaci\u00f3n fue normal.<\/p>\n\n\n\n<p>Esta medida se da en el marco del feriado por el D\u00eda del Veterano y de los Ca\u00eddos en la Guerra de las Malvinas y se repite a lo que decidi\u00f3 la comuna los pasados d\u00edas viernes y domingo, jornadas en las que tampoco hubo recolecci\u00f3n.<\/p>\n\n\n\n<p>En este sentido, se recomienda a la ciudadan\u00eda evitar sacar residuos.<\/p>\n","protected":false},"excerpt":{"rendered":"<p>El Municipio de Paso de los Libres record\u00f3 que este martes el servicio no se llevar\u00e1 adelante el servicio, en contraposici\u00f3n al d\u00eda de ayer (lunes), cuando la prestaci\u00f3n fue normal. Esta medida se da en el marco del feriado por el D\u00eda del Veterano y de los Ca\u00eddos en la Guerra de las Malvinas [&hellip;]<\/p>\n","protected":false},"author":2,"featured_media":14030,"comment_status":"closed","ping_status":"open","sticky":false,"template":"","format":"standard","meta":{"footnotes":""},"categories":[5],"tags":[511],"class_list":{"0":"post-14029","1":"post","2":"type-post","3":"status-publish","4":"format-standard","5":"has-post-thumbnail","7":"category-locales","8":"tag-bloque-2"},"_links":{"self":[{"href":"https:\/\/zoomproducciones.com.ar\/zoomp\/wp-json\/wp\/v2\/posts\/14029","targetHints":{"allow":["GET"]}}],"collection":[{"href":"https:\/\/zoomproducciones.com.ar\/zoomp\/wp-json\/wp\/v2\/posts"}],"about":[{"href":"https:\/\/zoomproducciones.com.ar\/zoomp\/wp-json\/wp\/v2\/types\/post"}],"author":[{"embeddable":true,"href":"https:\/\/zoomproducciones.com.ar\/zoomp\/wp-json\/wp\/v2\/users\/2"}],"replies":[{"embeddable":true,"href":"https:\/\/zoomproducciones.com.ar\/zoomp\/wp-json\/wp\/v2\/comments?post=14029"}],"version-history":[{"count":1,"href":"https:\/\/zoomproducciones.com.ar\/zoomp\/wp-json\/wp\/v2\/posts\/14029\/revisions"}],"predecessor-version":[{"id":14031,"href":"https:\/\/zoomproducciones.com.ar\/zoomp\/wp-json\/wp\/v2\/posts\/14029\/revisions\/14031"}],"wp:featuredmedia":[{"embeddable":true,"href":"https:\/\/zoomproducciones.com.ar\/zoomp\/wp-json\/wp\/v2\/media\/14030"}],"wp:attachment":[{"href":"https:\/\/zoomproducciones.com.ar\/zoomp\/wp-json\/wp\/v2\/media?parent=14029"}],"wp:term":[{"taxonomy":"category","embeddable":true,"href":"https:\/\/zoomproducciones.com.ar\/zoomp\/wp-json\/wp\/v2\/categories?post=14029"},{"taxonomy":"post_tag","embeddable":true,"href":"https:\/\/zoomproducciones.com.ar\/zoomp\/wp-json\/wp\/v2\/tags?post=14029"}],"curies":[{"name":"wp","href":"https:\/\/api.w.org\/{rel}","templated":true}]}}