{"id":14023,"date":"2024-04-02T08:43:44","date_gmt":"2024-04-02T11:43:44","guid":{"rendered":"http:\/\/zoomproducciones.com.ar\/zoomp\/?p=14023"},"modified":"2024-04-02T08:53:23","modified_gmt":"2024-04-02T11:53:23","slug":"corrientes-fue-a-la-justicia-y-le-reclamo-a-nacion-25-millones-de-pesos","status":"publish","type":"post","link":"https:\/\/zoomproducciones.com.ar\/zoomp\/corrientes-fue-a-la-justicia-y-le-reclamo-a-nacion-25-millones-de-pesos\/","title":{"rendered":"Corrientes fue a la justicia y le reclam\u00f3 a Naci\u00f3n 25 millones de pesos"},"content":{"rendered":"\n<p>El gobernador de Corrientes, Gustavo Vald\u00e9s, ha llevado su reclamo a la Corte Suprema para exigir al Estado nacional el pago de 25.500 millones de pesos, suma que considera que se le adeuda en virtud de los intereses por ajustes de las compensaciones dispuestas en 2019 y 2021, y las de 2022 y 2023.<\/p>\n\n\n\n<p>Estas cifras se originan en el incumplimiento de las obligaciones pactadas en el Consenso Fiscal firmado el 27 de diciembre de 2021, el cual estableci\u00f3 un marco definitivo para cuestiones tributarias que hab\u00edan sido inicialmente suspendidas y luego prorrogadas.<\/p>\n\n\n\n<p>La Corte Suprema, al recibir el caso, lo remiti\u00f3 a la Procuraci\u00f3n, la cual determin\u00f3 que el asunto es de competencia directa del m\u00e1ximo tribunal del pa\u00eds.<\/p>\n\n\n\n<p>Datos del Litoral.<\/p>\n","protected":false},"excerpt":{"rendered":"<p>El gobernador de Corrientes, Gustavo Vald\u00e9s, ha llevado su reclamo a la Corte Suprema para exigir al Estado nacional el pago de 25.500 millones de pesos, suma que considera que se le adeuda en virtud de los intereses por ajustes de las compensaciones dispuestas en 2019 y 2021, y las de 2022 y 2023. Estas [&hellip;]<\/p>\n","protected":false},"author":2,"featured_media":14024,"comment_status":"closed","ping_status":"open","sticky":false,"template":"","format":"standard","meta":{"footnotes":""},"categories":[3],"tags":[511,113,123],"class_list":{"0":"post-14023","1":"post","2":"type-post","3":"status-publish","4":"format-standard","5":"has-post-thumbnail","7":"category-provinciales","8":"tag-bloque-2","9":"tag-gobierno-provincial","10":"tag-gustavo-valdes"},"_links":{"self":[{"href":"https:\/\/zoomproducciones.com.ar\/zoomp\/wp-json\/wp\/v2\/posts\/14023","targetHints":{"allow":["GET"]}}],"collection":[{"href":"https:\/\/zoomproducciones.com.ar\/zoomp\/wp-json\/wp\/v2\/posts"}],"about":[{"href":"https:\/\/zoomproducciones.com.ar\/zoomp\/wp-json\/wp\/v2\/types\/post"}],"author":[{"embeddable":true,"href":"https:\/\/zoomproducciones.com.ar\/zoomp\/wp-json\/wp\/v2\/users\/2"}],"replies":[{"embeddable":true,"href":"https:\/\/zoomproducciones.com.ar\/zoomp\/wp-json\/wp\/v2\/comments?post=14023"}],"version-history":[{"count":2,"href":"https:\/\/zoomproducciones.com.ar\/zoomp\/wp-json\/wp\/v2\/posts\/14023\/revisions"}],"predecessor-version":[{"id":14027,"href":"https:\/\/zoomproducciones.com.ar\/zoomp\/wp-json\/wp\/v2\/posts\/14023\/revisions\/14027"}],"wp:featuredmedia":[{"embeddable":true,"href":"https:\/\/zoomproducciones.com.ar\/zoomp\/wp-json\/wp\/v2\/media\/14024"}],"wp:attachment":[{"href":"https:\/\/zoomproducciones.com.ar\/zoomp\/wp-json\/wp\/v2\/media?parent=14023"}],"wp:term":[{"taxonomy":"category","embeddable":true,"href":"https:\/\/zoomproducciones.com.ar\/zoomp\/wp-json\/wp\/v2\/categories?post=14023"},{"taxonomy":"post_tag","embeddable":true,"href":"https:\/\/zoomproducciones.com.ar\/zoomp\/wp-json\/wp\/v2\/tags?post=14023"}],"curies":[{"name":"wp","href":"https:\/\/api.w.org\/{rel}","templated":true}]}}