{"id":13996,"date":"2024-04-01T09:45:25","date_gmt":"2024-04-01T12:45:25","guid":{"rendered":"http:\/\/zoomproducciones.com.ar\/zoomp\/?p=13996"},"modified":"2024-04-01T09:45:26","modified_gmt":"2024-04-01T12:45:26","slug":"este-lunes-habra-servicio-normal-de-recoleccion-de-residuos","status":"publish","type":"post","link":"https:\/\/zoomproducciones.com.ar\/zoomp\/este-lunes-habra-servicio-normal-de-recoleccion-de-residuos\/","title":{"rendered":"Este lunes habr\u00e1 servicio normal de recolecci\u00f3n de residuos"},"content":{"rendered":"\n<p>Debido a la celebraci\u00f3n de Semana Santa, el servicio de recolecci\u00f3n de residuos no trabaj\u00f3 los d\u00edas viernes ni domingo. <\/p>\n\n\n\n<p>Adem\u00e1s, el Municipio inform\u00f3 que este martes tampoco habr\u00e1 recolecci\u00f3n debido al D\u00eda del Veterano y de los Ca\u00eddos en la Guerra de las Malvinas.<\/p>\n\n\n\n<p>Se solicita a los residentes colaborar manteniendo sus desechos en sus hogares y contribuyendo a mantener una ciudad limpia.<\/p>\n","protected":false},"excerpt":{"rendered":"<p>Debido a la celebraci\u00f3n de Semana Santa, el servicio de recolecci\u00f3n de residuos no trabaj\u00f3 los d\u00edas viernes ni domingo. Adem\u00e1s, el Municipio inform\u00f3 que este martes tampoco habr\u00e1 recolecci\u00f3n debido al D\u00eda del Veterano y de los Ca\u00eddos en la Guerra de las Malvinas. Se solicita a los residentes colaborar manteniendo sus desechos en [&hellip;]<\/p>\n","protected":false},"author":2,"featured_media":13929,"comment_status":"closed","ping_status":"open","sticky":false,"template":"","format":"standard","meta":{"footnotes":""},"categories":[5],"tags":[511,116],"class_list":{"0":"post-13996","1":"post","2":"type-post","3":"status-publish","4":"format-standard","5":"has-post-thumbnail","7":"category-locales","8":"tag-bloque-2","9":"tag-paso-de-los-libres"},"_links":{"self":[{"href":"https:\/\/zoomproducciones.com.ar\/zoomp\/wp-json\/wp\/v2\/posts\/13996","targetHints":{"allow":["GET"]}}],"collection":[{"href":"https:\/\/zoomproducciones.com.ar\/zoomp\/wp-json\/wp\/v2\/posts"}],"about":[{"href":"https:\/\/zoomproducciones.com.ar\/zoomp\/wp-json\/wp\/v2\/types\/post"}],"author":[{"embeddable":true,"href":"https:\/\/zoomproducciones.com.ar\/zoomp\/wp-json\/wp\/v2\/users\/2"}],"replies":[{"embeddable":true,"href":"https:\/\/zoomproducciones.com.ar\/zoomp\/wp-json\/wp\/v2\/comments?post=13996"}],"version-history":[{"count":1,"href":"https:\/\/zoomproducciones.com.ar\/zoomp\/wp-json\/wp\/v2\/posts\/13996\/revisions"}],"predecessor-version":[{"id":13997,"href":"https:\/\/zoomproducciones.com.ar\/zoomp\/wp-json\/wp\/v2\/posts\/13996\/revisions\/13997"}],"wp:featuredmedia":[{"embeddable":true,"href":"https:\/\/zoomproducciones.com.ar\/zoomp\/wp-json\/wp\/v2\/media\/13929"}],"wp:attachment":[{"href":"https:\/\/zoomproducciones.com.ar\/zoomp\/wp-json\/wp\/v2\/media?parent=13996"}],"wp:term":[{"taxonomy":"category","embeddable":true,"href":"https:\/\/zoomproducciones.com.ar\/zoomp\/wp-json\/wp\/v2\/categories?post=13996"},{"taxonomy":"post_tag","embeddable":true,"href":"https:\/\/zoomproducciones.com.ar\/zoomp\/wp-json\/wp\/v2\/tags?post=13996"}],"curies":[{"name":"wp","href":"https:\/\/api.w.org\/{rel}","templated":true}]}}