{"id":13982,"date":"2024-04-01T09:22:21","date_gmt":"2024-04-01T12:22:21","guid":{"rendered":"http:\/\/zoomproducciones.com.ar\/zoomp\/?p=13982"},"modified":"2024-04-01T09:22:22","modified_gmt":"2024-04-01T12:22:22","slug":"milei-acuso-a-los-gobernadores-de-no-jugar-limpio-en-las-negociaciones-de-la-ley-bases","status":"publish","type":"post","link":"https:\/\/zoomproducciones.com.ar\/zoomp\/milei-acuso-a-los-gobernadores-de-no-jugar-limpio-en-las-negociaciones-de-la-ley-bases\/","title":{"rendered":"Milei acus\u00f3 a los gobernadores de \u00bbno jugar limpio\u00bb en las negociaciones de la Ley Bases"},"content":{"rendered":"\n<p>El presidente Javier Milei critic\u00f3 en\u00e9rgicamente a los gobernadores en una declaraci\u00f3n reciente, se\u00f1alando que su \u00abgran error\u00bb fue haber hablado con transparencia y honestidad con ellos, acus\u00e1ndolos de no jugar limpio. <\/p>\n\n\n\n<p>Record\u00f3 que cuando se mand\u00f3 el proyecto de Ley de Bases se incluy\u00f3 el cap\u00edtulo fiscal \u00abpara ayudarlos a resolver un problema\u00bb.<\/p>\n\n\n\n<p>\u201cLos gobernadores, en lugar de tomarlo como un gesto de buena voluntad, que es lo que era, lo tomaron como un signo de debilidad, y<strong> se pusieron a trabajar sobre el cap\u00edtulo cuatro para destrozar las finanzas p\u00fablicas y romper el resultado fiscal y mandarnos a una hiper. <\/strong>Para m\u00ed haber ido con tan buena fe, probablemente fue un gran error, porque <strong>evidentemente esta gente no quer\u00eda jugar limpio<\/strong>\u201d.<\/p>\n\n\n\n<p>En una entrevista con el periodista Andr\u00e9s Oppenheimer en CNN, el presidente Milei reafirm\u00f3 su alineaci\u00f3n con los Estados Unidos y<strong> defendi\u00f3 su decisi\u00f3n de referirse al ex presidente estadounidense Donald Trump como \u00abse\u00f1or presidente\u00bb<\/strong> durante su visita a Estados Unidos y participaci\u00f3n en un evento del Partido Republicano. Milei declar\u00f3 que, si bien simpatiza con las ideas del Partido Republicano, su prioridad es mantener una relaci\u00f3n s\u00f3lida con Estados Unidos e Israel.<\/p>\n\n\n\n<p>En la entrevista, cuyo anticipo gener\u00f3 un conflicto con Colombia, Milei llam\u00f3 \u00abcomunista asesino\u00bb al presidente de ese pa\u00eds, Gustavo Petro, de pasado guerrillero, e \u00abignorante\u00bb al mandatario de M\u00e9xico, Andr\u00e9s L\u00f3pez Obrador.&nbsp;<\/p>\n\n\n\n<p><strong>\u00abNo tengo que tener esperanza de nada. Es un problema de los mexicanos si eligen socialistas, me compadezco de los que tengan que padecer un r\u00e9gimen socialista\u201d,<\/strong>&nbsp;sum\u00f3<\/p>\n\n\n\n<p>Sobre los peores presidentes de Am\u00e9rica Latina, apunt\u00f3 contra \u201clo que tiene que ver con la dictadura de Venezuela, el comunismo que quiere impulsar Petro, lo que tiene Cuba y Nicaragua son verdaderamente despreciables\u201d.<\/p>\n\n\n\n<p>Con informaci\u00f3n de Noticias Argentinas<\/p>\n","protected":false},"excerpt":{"rendered":"<p>El presidente Javier Milei critic\u00f3 en\u00e9rgicamente a los gobernadores en una declaraci\u00f3n reciente, se\u00f1alando que su \u00abgran error\u00bb fue haber hablado con transparencia y honestidad con ellos, acus\u00e1ndolos de no jugar limpio. Record\u00f3 que cuando se mand\u00f3 el proyecto de Ley de Bases se incluy\u00f3 el cap\u00edtulo fiscal \u00abpara ayudarlos a resolver un problema\u00bb. \u201cLos [&hellip;]<\/p>\n","protected":false},"author":2,"featured_media":13984,"comment_status":"closed","ping_status":"open","sticky":false,"template":"","format":"standard","meta":{"footnotes":""},"categories":[8],"tags":[118,42],"class_list":{"0":"post-13982","1":"post","2":"type-post","3":"status-publish","4":"format-standard","5":"has-post-thumbnail","7":"category-nacionales","8":"tag-argentina","9":"tag-featured"},"_links":{"self":[{"href":"https:\/\/zoomproducciones.com.ar\/zoomp\/wp-json\/wp\/v2\/posts\/13982","targetHints":{"allow":["GET"]}}],"collection":[{"href":"https:\/\/zoomproducciones.com.ar\/zoomp\/wp-json\/wp\/v2\/posts"}],"about":[{"href":"https:\/\/zoomproducciones.com.ar\/zoomp\/wp-json\/wp\/v2\/types\/post"}],"author":[{"embeddable":true,"href":"https:\/\/zoomproducciones.com.ar\/zoomp\/wp-json\/wp\/v2\/users\/2"}],"replies":[{"embeddable":true,"href":"https:\/\/zoomproducciones.com.ar\/zoomp\/wp-json\/wp\/v2\/comments?post=13982"}],"version-history":[{"count":1,"href":"https:\/\/zoomproducciones.com.ar\/zoomp\/wp-json\/wp\/v2\/posts\/13982\/revisions"}],"predecessor-version":[{"id":13985,"href":"https:\/\/zoomproducciones.com.ar\/zoomp\/wp-json\/wp\/v2\/posts\/13982\/revisions\/13985"}],"wp:featuredmedia":[{"embeddable":true,"href":"https:\/\/zoomproducciones.com.ar\/zoomp\/wp-json\/wp\/v2\/media\/13984"}],"wp:attachment":[{"href":"https:\/\/zoomproducciones.com.ar\/zoomp\/wp-json\/wp\/v2\/media?parent=13982"}],"wp:term":[{"taxonomy":"category","embeddable":true,"href":"https:\/\/zoomproducciones.com.ar\/zoomp\/wp-json\/wp\/v2\/categories?post=13982"},{"taxonomy":"post_tag","embeddable":true,"href":"https:\/\/zoomproducciones.com.ar\/zoomp\/wp-json\/wp\/v2\/tags?post=13982"}],"curies":[{"name":"wp","href":"https:\/\/api.w.org\/{rel}","templated":true}]}}