{"id":1398,"date":"2022-11-01T11:05:20","date_gmt":"2022-11-01T14:05:20","guid":{"rendered":"http:\/\/zoomproducciones.com.ar\/zoomp\/?p=1398"},"modified":"2022-11-01T11:06:50","modified_gmt":"2022-11-01T14:06:50","slug":"valdes-prepara-la-ley-de-presupuesto-2023","status":"publish","type":"post","link":"https:\/\/zoomproducciones.com.ar\/zoomp\/valdes-prepara-la-ley-de-presupuesto-2023\/","title":{"rendered":"Vald\u00e9s prepara la Ley de Presupuesto 2023"},"content":{"rendered":"\n<p>La Ley de Presupuesto 2023 se presentar\u00e1 a la Legislatura de Corrientes y Vald\u00e9s se reuni\u00f3 con su gabinete para abordar detalles. Este martes el gobernador mantuvo una reuni\u00f3n con el ministro de Hacienda, Piasentini; y los gabinetes de Educaci\u00f3n y Salud: Pr\u00e1xedes Lopez y Ricardo Cardozo.<\/p>\n\n\n\n<p>Gustavo Vald\u00e9s se reuni\u00f3 con parte de su gabinete para ultimar detalles de la confecci\u00f3n de la Ley de Presupuesto 2023. <\/p>\n\n\n\n<figure class=\"wp-block-image size-large\"><a href=\"http:\/\/zoomproducciones.com.ar\/zoomp\/wp-content\/uploads\/2022\/11\/image-1.png\"><img decoding=\"async\" src=\"http:\/\/zoomproducciones.com.ar\/zoomp\/wp-content\/uploads\/2022\/11\/image-1-1024x682.png\" alt=\"\" class=\"wp-image-1400\"\/><\/a><\/figure>\n\n\n\n<p>Este martes de ma\u00f1ana el gobernador mantuvo una reuni\u00f3n este martes con el ministro de Hacienda, Marcelo Rivas Piasentini y los gabinetes de Educaci\u00f3n y Salud para abordar la Ley de Presupuesto que el gobierno est\u00e1 dise\u00f1ando para su env\u00edo a la Legislatura.<\/p>\n\n\n\n<figure class=\"wp-block-image size-large\"><a href=\"http:\/\/zoomproducciones.com.ar\/zoomp\/wp-content\/uploads\/2022\/11\/image-2.png\"><img decoding=\"async\" src=\"http:\/\/zoomproducciones.com.ar\/zoomp\/wp-content\/uploads\/2022\/11\/image-2-1024x682.png\" alt=\"\" class=\"wp-image-1401\"\/><\/a><\/figure>\n","protected":false},"excerpt":{"rendered":"<p>La Ley de Presupuesto 2023 se presentar\u00e1 a la Legislatura de Corrientes y Vald\u00e9s se reuni\u00f3 con su gabinete para abordar detalles. Este martes el gobernador mantuvo una reuni\u00f3n con el ministro de Hacienda, Piasentini; y los gabinetes de Educaci\u00f3n y Salud: Pr\u00e1xedes Lopez y Ricardo Cardozo. Gustavo Vald\u00e9s se reuni\u00f3 con parte de su [&hellip;]<\/p>\n","protected":false},"author":2,"featured_media":0,"comment_status":"closed","ping_status":"open","sticky":false,"template":"","format":"standard","meta":{"footnotes":""},"categories":[6,3],"tags":[42,113,123],"class_list":{"0":"post-1398","1":"post","2":"type-post","3":"status-publish","4":"format-standard","6":"category-infogral","7":"category-provinciales","8":"tag-featured","9":"tag-gobierno-provincial","10":"tag-gustavo-valdes"},"_links":{"self":[{"href":"https:\/\/zoomproducciones.com.ar\/zoomp\/wp-json\/wp\/v2\/posts\/1398","targetHints":{"allow":["GET"]}}],"collection":[{"href":"https:\/\/zoomproducciones.com.ar\/zoomp\/wp-json\/wp\/v2\/posts"}],"about":[{"href":"https:\/\/zoomproducciones.com.ar\/zoomp\/wp-json\/wp\/v2\/types\/post"}],"author":[{"embeddable":true,"href":"https:\/\/zoomproducciones.com.ar\/zoomp\/wp-json\/wp\/v2\/users\/2"}],"replies":[{"embeddable":true,"href":"https:\/\/zoomproducciones.com.ar\/zoomp\/wp-json\/wp\/v2\/comments?post=1398"}],"version-history":[{"count":2,"href":"https:\/\/zoomproducciones.com.ar\/zoomp\/wp-json\/wp\/v2\/posts\/1398\/revisions"}],"predecessor-version":[{"id":1404,"href":"https:\/\/zoomproducciones.com.ar\/zoomp\/wp-json\/wp\/v2\/posts\/1398\/revisions\/1404"}],"wp:attachment":[{"href":"https:\/\/zoomproducciones.com.ar\/zoomp\/wp-json\/wp\/v2\/media?parent=1398"}],"wp:term":[{"taxonomy":"category","embeddable":true,"href":"https:\/\/zoomproducciones.com.ar\/zoomp\/wp-json\/wp\/v2\/categories?post=1398"},{"taxonomy":"post_tag","embeddable":true,"href":"https:\/\/zoomproducciones.com.ar\/zoomp\/wp-json\/wp\/v2\/tags?post=1398"}],"curies":[{"name":"wp","href":"https:\/\/api.w.org\/{rel}","templated":true}]}}