{"id":13978,"date":"2024-04-01T01:09:52","date_gmt":"2024-04-01T04:09:52","guid":{"rendered":"http:\/\/zoomproducciones.com.ar\/zoomp\/?p=13978"},"modified":"2024-04-01T01:16:53","modified_gmt":"2024-04-01T04:16:53","slug":"river-y-su-travesia-por-la-copa-paso-por-colombia-y-ya-esta-en-venezuela","status":"publish","type":"post","link":"https:\/\/zoomproducciones.com.ar\/zoomp\/river-y-su-travesia-por-la-copa-paso-por-colombia-y-ya-esta-en-venezuela\/","title":{"rendered":"River y su traves\u00eda por la Copa: pas\u00f3 por Colombia y ya est\u00e1 en Venezuela"},"content":{"rendered":"\n<p>Tras la derrota ante Hurac\u00e1n, el viernes por la Copa de la Liga,&nbsp;River ya cambi\u00f3 el chip y se enfoca en lo que ser\u00e1 su estreno en la Copa Libertadores: el martes en Venezuela vs. Deportivo T\u00e1chira (a las 21.30 hora argentina).&nbsp;El equipo de Mart\u00edn Demichelis puso primera y este domingo por la ma\u00f1ana&nbsp;emprendi\u00f3 vuelo ch\u00e1rter hacia C\u00facuta (Colombia) para luego trasladarse v\u00eda terrestre al pa\u00eds venezolano, adonde ya arrib\u00f3.<\/p>\n\n\n\n<p>Esto se dio por el conflicto diplom\u00e1tico entre Argentina y Venezuela y&nbsp;la decisi\u00f3n del presidente Nicol\u00e1s Maduro de prohibir los vuelos a\u00e9reos de bandera argentina.&nbsp;As\u00ed, River se vio obligado a bajar en suelo colombiano y llegar en \u00f3mnibus hasta San Crist\u00f3bal, ciudad a la que accedi\u00f3 cerca de la tardenoche.&nbsp;Fue un recorrido de 50km, pero el camino no era para nada sencillo al ser de monta\u00f1a y sinuoso.&nbsp;La delegaci\u00f3n se hospedar\u00e1 en el Hotel Lidotel y&nbsp;regresar\u00e1 el mi\u00e9rcoles por la ma\u00f1ana, realizando a la inversa el mismo trayecto. Arribar\u00e1n a Argentina a \u00faltima hora del citado d\u00eda.<\/p>\n\n\n\n<p>En cuanto a la lista de jugadores citados,&nbsp;se destaca la ausencia del juvenil delantero Agust\u00edn Ruberto y la incorporaci\u00f3n de Lucas Lavagnino como tercer arquero. Sigue out Ramiro Funes Mori por una sinovitis en una de sus rodillas.<\/p>\n\n\n\n<p><strong>La lista de River para visitar a Deportivo T\u00e1chira por la Copa Libertadores<\/strong><\/p>\n\n\n\n<p><strong>Arqueros:<\/strong>&nbsp;Franco Armani, Ezequiel Centuri\u00f3n y Lucas Lavagnino.<\/p>\n\n\n\n<p><strong>Defensores:<\/strong>&nbsp;Paulo D\u00edaz, David Mart\u00ednez, Sebasti\u00e1n Boselli, Enzo D\u00edaz, Leandro Gonz\u00e1lez Pirez, Andr\u00e9s Herrera, Milton Casco, Daniel Zabala y Agust\u00edn Sant&#8217;Anna.<\/p>\n\n\n\n<p><strong>Volantes:&nbsp;<\/strong>Agust\u00edn Palavecino, Nicol\u00e1s Fonseca, Mat\u00edas Kranevitter, Manuel Lanzini, Ignacio Fern\u00e1ndez, Rodrigo Aliendro, Rodrigo Villagra, Esequiel Barco, Santiago Sim\u00f3n y Claudio Echeverri.<\/p>\n\n\n\n<p><strong>Delanteros:<\/strong>\u00a0Pablo Solari, Miguel \u00c1ngel Borja y Facundo Colidio.<\/p>\n\n\n\n<p>FUENTE: <strong>Ol\u00e9<\/strong>.<\/p>\n","protected":false},"excerpt":{"rendered":"<p>Tras la derrota ante Hurac\u00e1n, el viernes por la Copa de la Liga,&nbsp;River ya cambi\u00f3 el chip y se enfoca en lo que ser\u00e1 su estreno en la Copa Libertadores: el martes en Venezuela vs. Deportivo T\u00e1chira (a las 21.30 hora argentina).&nbsp;El equipo de Mart\u00edn Demichelis puso primera y este domingo por la ma\u00f1ana&nbsp;emprendi\u00f3 vuelo [&hellip;]<\/p>\n","protected":false},"author":2,"featured_media":13979,"comment_status":"closed","ping_status":"open","sticky":false,"template":"","format":"standard","meta":{"footnotes":""},"categories":[372],"tags":[511],"class_list":{"0":"post-13978","1":"post","2":"type-post","3":"status-publish","4":"format-standard","5":"has-post-thumbnail","7":"category-futbol","8":"tag-bloque-2"},"_links":{"self":[{"href":"https:\/\/zoomproducciones.com.ar\/zoomp\/wp-json\/wp\/v2\/posts\/13978","targetHints":{"allow":["GET"]}}],"collection":[{"href":"https:\/\/zoomproducciones.com.ar\/zoomp\/wp-json\/wp\/v2\/posts"}],"about":[{"href":"https:\/\/zoomproducciones.com.ar\/zoomp\/wp-json\/wp\/v2\/types\/post"}],"author":[{"embeddable":true,"href":"https:\/\/zoomproducciones.com.ar\/zoomp\/wp-json\/wp\/v2\/users\/2"}],"replies":[{"embeddable":true,"href":"https:\/\/zoomproducciones.com.ar\/zoomp\/wp-json\/wp\/v2\/comments?post=13978"}],"version-history":[{"count":2,"href":"https:\/\/zoomproducciones.com.ar\/zoomp\/wp-json\/wp\/v2\/posts\/13978\/revisions"}],"predecessor-version":[{"id":13981,"href":"https:\/\/zoomproducciones.com.ar\/zoomp\/wp-json\/wp\/v2\/posts\/13978\/revisions\/13981"}],"wp:featuredmedia":[{"embeddable":true,"href":"https:\/\/zoomproducciones.com.ar\/zoomp\/wp-json\/wp\/v2\/media\/13979"}],"wp:attachment":[{"href":"https:\/\/zoomproducciones.com.ar\/zoomp\/wp-json\/wp\/v2\/media?parent=13978"}],"wp:term":[{"taxonomy":"category","embeddable":true,"href":"https:\/\/zoomproducciones.com.ar\/zoomp\/wp-json\/wp\/v2\/categories?post=13978"},{"taxonomy":"post_tag","embeddable":true,"href":"https:\/\/zoomproducciones.com.ar\/zoomp\/wp-json\/wp\/v2\/tags?post=13978"}],"curies":[{"name":"wp","href":"https:\/\/api.w.org\/{rel}","templated":true}]}}