{"id":13818,"date":"2024-03-25T23:24:59","date_gmt":"2024-03-26T02:24:59","guid":{"rendered":"http:\/\/zoomproducciones.com.ar\/zoomp\/?p=13818"},"modified":"2024-03-25T23:30:45","modified_gmt":"2024-03-26T02:30:45","slug":"el-club-guarani-puso-en-marcha-la-liga-de-voley-con-dos-categorias-participantes","status":"publish","type":"post","link":"https:\/\/zoomproducciones.com.ar\/zoomp\/el-club-guarani-puso-en-marcha-la-liga-de-voley-con-dos-categorias-participantes\/","title":{"rendered":"El Club Guaran\u00ed puso en marcha la Liga de Voley Masculina y Femenina"},"content":{"rendered":"\n<p>El \u00faltimo domingo en las instalaciones del Club Guaran\u00ed arranc\u00f3 el certamen que re\u00fane a planteles locales, de Uruguaiana y hasta un visitante de la localidad de Guavirav\u00ed.<\/p>\n\n\n\n<p>La liga est\u00e1 dividida en dos categor\u00edas, femenina y masculina, siendo la primera la m\u00e1s convocante con un total de 9 equipos inscriptos. Por su parte, los varones conforman un total de 7 escuadras.<\/p>\n\n\n\n<p>Antes de ayer se disput\u00f3 la primera fecha y todos los equipos tuvieron participaci\u00f3n. Las citas siguientes se dar\u00e1n cada domingo, seg\u00fan lo estipulado por la organizaci\u00f3n, a cargo de la propia instituci\u00f3n en conjunto con la agrupaci\u00f3n San Francisco Voley.<\/p>\n\n\n\n<p><strong>TODOS LOS RESULTADOS DE LA PRIMERA FECHA<\/strong><\/p>\n\n\n\n<p><strong>Rama Femenina<\/strong><\/p>\n\n\n\n<p>Club Guaran\u00ed 2 \u2013 0 Libertad<br>San Francisco 2 \u2013 A.V.U.<br>Inicia\u00e7\u00e3o 0 \u2013 2 Deportes<br>Bravus 2 \u2013 0 Integraci\u00f3n<\/p>\n\n\n\n<p>New Voley 2 \u2013 0 Libertad<br>Club Guaran\u00ed 0 \u2013 2 Inicia\u00e7\u00e3o<br>Deportes 2 \u2013 1 Integraci\u00f3n<br>Bravus 0 \u2013 2 A.V.U.<\/p>\n\n\n\n<p><strong>Rama Masculina<\/strong><\/p>\n\n\n\n<p>Club Guaran\u00ed 2 -1 Plan Alto<br>A.V.U. 1 \u2013 2 G.C. Voley<br>San Francisco 2 \u2013 0 New Voley<br>Bravus 0 \u2013 2 G.C. Voley<\/p>\n\n\n\n<p>FUENTE: <a href=\"https:\/\/databloglibres.com\/con-16-equipos-participantes-arranco-la-liga-de-voley-del-club-guarani\/\">Data Libres<\/a><\/p>\n","protected":false},"excerpt":{"rendered":"<p>El \u00faltimo domingo en las instalaciones del Club Guaran\u00ed arranc\u00f3 el certamen que re\u00fane a planteles locales, de Uruguaiana y hasta un visitante de la localidad de Guavirav\u00ed. La liga est\u00e1 dividida en dos categor\u00edas, femenina y masculina, siendo la primera la m\u00e1s convocante con un total de 9 equipos inscriptos. Por su parte, los [&hellip;]<\/p>\n","protected":false},"author":2,"featured_media":13823,"comment_status":"closed","ping_status":"open","sticky":false,"template":"","format":"standard","meta":{"footnotes":""},"categories":[518],"tags":[511],"class_list":{"0":"post-13818","1":"post","2":"type-post","3":"status-publish","4":"format-standard","5":"has-post-thumbnail","7":"category-deportes-locales","8":"tag-bloque-2"},"_links":{"self":[{"href":"https:\/\/zoomproducciones.com.ar\/zoomp\/wp-json\/wp\/v2\/posts\/13818","targetHints":{"allow":["GET"]}}],"collection":[{"href":"https:\/\/zoomproducciones.com.ar\/zoomp\/wp-json\/wp\/v2\/posts"}],"about":[{"href":"https:\/\/zoomproducciones.com.ar\/zoomp\/wp-json\/wp\/v2\/types\/post"}],"author":[{"embeddable":true,"href":"https:\/\/zoomproducciones.com.ar\/zoomp\/wp-json\/wp\/v2\/users\/2"}],"replies":[{"embeddable":true,"href":"https:\/\/zoomproducciones.com.ar\/zoomp\/wp-json\/wp\/v2\/comments?post=13818"}],"version-history":[{"count":3,"href":"https:\/\/zoomproducciones.com.ar\/zoomp\/wp-json\/wp\/v2\/posts\/13818\/revisions"}],"predecessor-version":[{"id":13822,"href":"https:\/\/zoomproducciones.com.ar\/zoomp\/wp-json\/wp\/v2\/posts\/13818\/revisions\/13822"}],"wp:featuredmedia":[{"embeddable":true,"href":"https:\/\/zoomproducciones.com.ar\/zoomp\/wp-json\/wp\/v2\/media\/13823"}],"wp:attachment":[{"href":"https:\/\/zoomproducciones.com.ar\/zoomp\/wp-json\/wp\/v2\/media?parent=13818"}],"wp:term":[{"taxonomy":"category","embeddable":true,"href":"https:\/\/zoomproducciones.com.ar\/zoomp\/wp-json\/wp\/v2\/categories?post=13818"},{"taxonomy":"post_tag","embeddable":true,"href":"https:\/\/zoomproducciones.com.ar\/zoomp\/wp-json\/wp\/v2\/tags?post=13818"}],"curies":[{"name":"wp","href":"https:\/\/api.w.org\/{rel}","templated":true}]}}