{"id":13812,"date":"2024-03-25T09:34:31","date_gmt":"2024-03-25T12:34:31","guid":{"rendered":"http:\/\/zoomproducciones.com.ar\/zoomp\/?p=13812"},"modified":"2024-03-25T09:34:32","modified_gmt":"2024-03-25T12:34:32","slug":"el-gobierno-publico-un-video-que-apuntaba-a-contar-la-historia-completa","status":"publish","type":"post","link":"https:\/\/zoomproducciones.com.ar\/zoomp\/el-gobierno-publico-un-video-que-apuntaba-a-contar-la-historia-completa\/","title":{"rendered":"El Gobierno public\u00f3 un video que apuntaba a contar \u201cla historia completa\u201d"},"content":{"rendered":"\n<p>Mientras se desarrollaban marchas multitudinarias en todo el pa\u00eds por el 24 de marzo, el gobierno de Javier Milei\u00a0public\u00f3 el video\u00a0\u00abD\u00eda de la Memoria, la Verdad y la Justicia. Completa\u201d.<\/p>\n\n\n\n<p>En el video, el exmilitante montonero Luis Labra\u00f1a dice que \u00e9l invent\u00f3 el n\u00famero de 30 mil desaparecidos. Junto con el exjefe secretario de Inteligencia Juan Bautista \u00abTata\u00bb Yofre, y Mar\u00eda Fernanda Viola, hija de un capit\u00e1n asesinado por ERP en Tucum\u00e1n, hablan de \u00abmemoria completa\u00bb. La vicepresidenta Victoria Villarruel\u00a0tambi\u00e9n public\u00f3 un video\u00a0en sus redes: pidi\u00f3 reparaci\u00f3n para las v\u00edctimas del terrorismo e insisti\u00f3 con que no fueron 30 mil.\u00a0<\/p>\n\n\n\n<p>Ayer, la Comisi\u00f3n Interamericana de Derechos Humanos (CIDH) y el Relator Especial de la ONU\u00a0publicaron un comunicado\u00a0donde llaman a cumplir con las sentencias judiciales a represores e instan a los Estados \u00aba no otorgar perdones, indultos humanitarios o beneficios indebidos a los autores materiales e intelectuales de estos tipos de delitos\u00bb.<\/p>\n\n\n\n<p>P\u00e1gina\/12 public\u00f3 un informe especial que muestra que el Gobierno\u00a0ejecut\u00f3\u00a0un 17% menos de presupuesto en t\u00e9rminos reales en pol\u00edticas de Derechos Humanos si se compara el per\u00edodo enero-marzo del 2023. Adem\u00e1s, expone que hay programas que a\u00fan no invirtieron un solo peso en lo que va del a\u00f1o.<\/p>\n\n\n\n<p>Cristina Fern\u00e1ndez de Kirchner record\u00f3 cuando acompa\u00f1\u00f3 a N\u00e9stor, 20 a\u00f1os atr\u00e1s, al acto de recuperaci\u00f3n de la ex ESMA: \u00abTal vez, el lugar m\u00e1s emblem\u00e1tico de la tragedia pol\u00edtica, econ\u00f3mica y social que envolvi\u00f3 a todos los argentinos\u00bb, dijo. Adem\u00e1s, recuper\u00f3 que en 2023, el Museo Sitio de Memoria ESMA fue incorporado a la Lista de Patrimonio de la Humanidad de la UNESCO. <\/p>\n\n\n\n<p><\/p>\n\n\n\n<blockquote class=\"twitter-tweet\" data-media-max-width=\"560\"><p lang=\"es\" dir=\"ltr\">D\u00eda de la Memoria por la Verdad y la Justicia. Completa. <a href=\"https:\/\/t.co\/cLuvFk5z93\">pic.twitter.com\/cLuvFk5z93<\/a><\/p>&mdash; Casa Rosada (@CasaRosada) <a href=\"https:\/\/twitter.com\/CasaRosada\/status\/1771898590690005440?ref_src=twsrc%5Etfw\">March 24, 2024<\/a><\/blockquote> <script async src=\"https:\/\/platform.twitter.com\/widgets.js\" charset=\"utf-8\"><\/script>\n","protected":false},"excerpt":{"rendered":"<p>Mientras se desarrollaban marchas multitudinarias en todo el pa\u00eds por el 24 de marzo, el gobierno de Javier Milei\u00a0public\u00f3 el video\u00a0\u00abD\u00eda de la Memoria, la Verdad y la Justicia. Completa\u201d. En el video, el exmilitante montonero Luis Labra\u00f1a dice que \u00e9l invent\u00f3 el n\u00famero de 30 mil desaparecidos. Junto con el exjefe secretario de Inteligencia [&hellip;]<\/p>\n","protected":false},"author":2,"featured_media":13813,"comment_status":"closed","ping_status":"open","sticky":false,"template":"","format":"standard","meta":{"footnotes":""},"categories":[8],"tags":[],"class_list":{"0":"post-13812","1":"post","2":"type-post","3":"status-publish","4":"format-standard","5":"has-post-thumbnail","7":"category-nacionales"},"_links":{"self":[{"href":"https:\/\/zoomproducciones.com.ar\/zoomp\/wp-json\/wp\/v2\/posts\/13812","targetHints":{"allow":["GET"]}}],"collection":[{"href":"https:\/\/zoomproducciones.com.ar\/zoomp\/wp-json\/wp\/v2\/posts"}],"about":[{"href":"https:\/\/zoomproducciones.com.ar\/zoomp\/wp-json\/wp\/v2\/types\/post"}],"author":[{"embeddable":true,"href":"https:\/\/zoomproducciones.com.ar\/zoomp\/wp-json\/wp\/v2\/users\/2"}],"replies":[{"embeddable":true,"href":"https:\/\/zoomproducciones.com.ar\/zoomp\/wp-json\/wp\/v2\/comments?post=13812"}],"version-history":[{"count":1,"href":"https:\/\/zoomproducciones.com.ar\/zoomp\/wp-json\/wp\/v2\/posts\/13812\/revisions"}],"predecessor-version":[{"id":13814,"href":"https:\/\/zoomproducciones.com.ar\/zoomp\/wp-json\/wp\/v2\/posts\/13812\/revisions\/13814"}],"wp:featuredmedia":[{"embeddable":true,"href":"https:\/\/zoomproducciones.com.ar\/zoomp\/wp-json\/wp\/v2\/media\/13813"}],"wp:attachment":[{"href":"https:\/\/zoomproducciones.com.ar\/zoomp\/wp-json\/wp\/v2\/media?parent=13812"}],"wp:term":[{"taxonomy":"category","embeddable":true,"href":"https:\/\/zoomproducciones.com.ar\/zoomp\/wp-json\/wp\/v2\/categories?post=13812"},{"taxonomy":"post_tag","embeddable":true,"href":"https:\/\/zoomproducciones.com.ar\/zoomp\/wp-json\/wp\/v2\/tags?post=13812"}],"curies":[{"name":"wp","href":"https:\/\/api.w.org\/{rel}","templated":true}]}}