{"id":13803,"date":"2024-03-25T08:55:45","date_gmt":"2024-03-25T11:55:45","guid":{"rendered":"http:\/\/zoomproducciones.com.ar\/zoomp\/?p=13803"},"modified":"2024-03-25T08:55:52","modified_gmt":"2024-03-25T11:55:52","slug":"record-historico-en-lo-que-va-del-ano-ya-hay-134-202-casos-de-dengue-y-96-muertes","status":"publish","type":"post","link":"https:\/\/zoomproducciones.com.ar\/zoomp\/record-historico-en-lo-que-va-del-ano-ya-hay-134-202-casos-de-dengue-y-96-muertes\/","title":{"rendered":"R\u00e9cord hist\u00f3rico: en lo que va del a\u00f1o ya hay 134.202 casos de dengue y 96 muertes"},"content":{"rendered":"\n<p>El Bolet\u00edn Epidemiol\u00f3gico\u00a0publicado este fin de semana\u00a0vuelve a destacar que, m\u00e1s all\u00e1 de la estacionalidad, los casos se mantienen, se adelantan y adem\u00e1s crecen en cantidad, con m\u00e1ximos hist\u00f3ricos.<\/p>\n\n\n\n<p>\u00abEn comparaci\u00f3n con otros a\u00f1os epid\u00e9micos, la actual temporada se caracteriza por ser la de mayor magnitud, de comienzo m\u00e1s temprano y por la persistencia de casos durante todas las semanas hasta el momento\u00bb.<\/p>\n\n\n<div class=\"wp-block-image\">\n<figure class=\"aligncenter size-full\"><a href=\"http:\/\/zoomproducciones.com.ar\/zoomp\/wp-content\/uploads\/2024\/03\/image-22-1.png\"><img loading=\"lazy\" decoding=\"async\" width=\"628\" height=\"455\" src=\"http:\/\/zoomproducciones.com.ar\/zoomp\/wp-content\/uploads\/2024\/03\/image-22-1.png\" alt=\"\" class=\"wp-image-13804\" srcset=\"https:\/\/zoomproducciones.com.ar\/zoomp\/wp-content\/uploads\/2024\/03\/image-22-1.png 628w, https:\/\/zoomproducciones.com.ar\/zoomp\/wp-content\/uploads\/2024\/03\/image-22-1-300x217.png 300w\" sizes=\"auto, (max-width: 628px) 100vw, 628px\" \/><\/a><\/figure>\n<\/div>\n\n\n<p><\/p>\n\n\n\n<p>El ministro de Salud, Mario Russo,\u00a0dijo la semana pasada: \u201cEstamos cerca de llegar al pico (en la curva de casos) y en las pr\u00f3ximas cuatro semanas deber\u00edan empezar a bajar\u201d. Ayer, el Gobierno de Santa Fe\u00a0confirm\u00f3\u00a0la muerte de un nene de 6 a\u00f1os por dengue. La semana pasada,\u00a0el vocero presidencial\u00a0descart\u00f3 que el Gobierno est\u00e9 pensando en incorporar la vacuna al calendario nacional.<\/p>\n\n\n\n<p>Recuerden los s\u00edntomas: fiebre de m\u00e1s de 38\u00b0, dolor de cabeza, articular y muscular, diarrea y dolor abdominal. Usar repelente y limpiar los recipientes con agua. La vacuna se consigue de manera privada y cada dosis sale m\u00e1s de 70 mil pesos.<\/p>\n","protected":false},"excerpt":{"rendered":"<p>El Bolet\u00edn Epidemiol\u00f3gico\u00a0publicado este fin de semana\u00a0vuelve a destacar que, m\u00e1s all\u00e1 de la estacionalidad, los casos se mantienen, se adelantan y adem\u00e1s crecen en cantidad, con m\u00e1ximos hist\u00f3ricos. \u00abEn comparaci\u00f3n con otros a\u00f1os epid\u00e9micos, la actual temporada se caracteriza por ser la de mayor magnitud, de comienzo m\u00e1s temprano y por la persistencia de [&hellip;]<\/p>\n","protected":false},"author":2,"featured_media":13805,"comment_status":"closed","ping_status":"open","sticky":false,"template":"","format":"standard","meta":{"footnotes":""},"categories":[6],"tags":[511],"class_list":{"0":"post-13803","1":"post","2":"type-post","3":"status-publish","4":"format-standard","5":"has-post-thumbnail","7":"category-infogral","8":"tag-bloque-2"},"_links":{"self":[{"href":"https:\/\/zoomproducciones.com.ar\/zoomp\/wp-json\/wp\/v2\/posts\/13803","targetHints":{"allow":["GET"]}}],"collection":[{"href":"https:\/\/zoomproducciones.com.ar\/zoomp\/wp-json\/wp\/v2\/posts"}],"about":[{"href":"https:\/\/zoomproducciones.com.ar\/zoomp\/wp-json\/wp\/v2\/types\/post"}],"author":[{"embeddable":true,"href":"https:\/\/zoomproducciones.com.ar\/zoomp\/wp-json\/wp\/v2\/users\/2"}],"replies":[{"embeddable":true,"href":"https:\/\/zoomproducciones.com.ar\/zoomp\/wp-json\/wp\/v2\/comments?post=13803"}],"version-history":[{"count":1,"href":"https:\/\/zoomproducciones.com.ar\/zoomp\/wp-json\/wp\/v2\/posts\/13803\/revisions"}],"predecessor-version":[{"id":13806,"href":"https:\/\/zoomproducciones.com.ar\/zoomp\/wp-json\/wp\/v2\/posts\/13803\/revisions\/13806"}],"wp:featuredmedia":[{"embeddable":true,"href":"https:\/\/zoomproducciones.com.ar\/zoomp\/wp-json\/wp\/v2\/media\/13805"}],"wp:attachment":[{"href":"https:\/\/zoomproducciones.com.ar\/zoomp\/wp-json\/wp\/v2\/media?parent=13803"}],"wp:term":[{"taxonomy":"category","embeddable":true,"href":"https:\/\/zoomproducciones.com.ar\/zoomp\/wp-json\/wp\/v2\/categories?post=13803"},{"taxonomy":"post_tag","embeddable":true,"href":"https:\/\/zoomproducciones.com.ar\/zoomp\/wp-json\/wp\/v2\/tags?post=13803"}],"curies":[{"name":"wp","href":"https:\/\/api.w.org\/{rel}","templated":true}]}}