{"id":13798,"date":"2024-03-25T08:45:39","date_gmt":"2024-03-25T11:45:39","guid":{"rendered":"http:\/\/zoomproducciones.com.ar\/zoomp\/?p=13798"},"modified":"2024-03-25T08:47:25","modified_gmt":"2024-03-25T11:47:25","slug":"la-tv-publica-se-queda-sin-programacion-y-renuncian-funcionarios","status":"publish","type":"post","link":"https:\/\/zoomproducciones.com.ar\/zoomp\/la-tv-publica-se-queda-sin-programacion-y-renuncian-funcionarios\/","title":{"rendered":"La TV P\u00fablica se queda sin programaci\u00f3n y renuncian funcionarios"},"content":{"rendered":"\n<p>En las \u00faltimas horas\u00a0renunci\u00f3\u00a0el ahora exdirector de la TV P\u00fablica, Juan Parodi, luego de que el Gobierno anunciara que levantaba del aire los noticieros de la ma\u00f1ana y la noche, la programaci\u00f3n durante los fines de semana y feriados, y el programa Cocineros Argentinos.<\/p>\n\n\n\n<p>Adem\u00e1s, renunciaron Mateo Baldarenas, gerente de personal, y Eugenia Bereciartua, directora de Administraci\u00f3n y Finanzas de Radio y Televisi\u00f3n Argentina (RTA). Eduardo Gonz\u00e1lez\u00a0qued\u00f3\u00a0como el interventor de la se\u00f1al de televisi\u00f3n.<\/p>\n","protected":false},"excerpt":{"rendered":"<p>En las \u00faltimas horas\u00a0renunci\u00f3\u00a0el ahora exdirector de la TV P\u00fablica, Juan Parodi, luego de que el Gobierno anunciara que levantaba del aire los noticieros de la ma\u00f1ana y la noche, la programaci\u00f3n durante los fines de semana y feriados, y el programa Cocineros Argentinos. Adem\u00e1s, renunciaron Mateo Baldarenas, gerente de personal, y Eugenia Bereciartua, directora [&hellip;]<\/p>\n","protected":false},"author":2,"featured_media":13799,"comment_status":"closed","ping_status":"open","sticky":false,"template":"","format":"standard","meta":{"footnotes":""},"categories":[6],"tags":[511],"class_list":{"0":"post-13798","1":"post","2":"type-post","3":"status-publish","4":"format-standard","5":"has-post-thumbnail","7":"category-infogral","8":"tag-bloque-2"},"_links":{"self":[{"href":"https:\/\/zoomproducciones.com.ar\/zoomp\/wp-json\/wp\/v2\/posts\/13798","targetHints":{"allow":["GET"]}}],"collection":[{"href":"https:\/\/zoomproducciones.com.ar\/zoomp\/wp-json\/wp\/v2\/posts"}],"about":[{"href":"https:\/\/zoomproducciones.com.ar\/zoomp\/wp-json\/wp\/v2\/types\/post"}],"author":[{"embeddable":true,"href":"https:\/\/zoomproducciones.com.ar\/zoomp\/wp-json\/wp\/v2\/users\/2"}],"replies":[{"embeddable":true,"href":"https:\/\/zoomproducciones.com.ar\/zoomp\/wp-json\/wp\/v2\/comments?post=13798"}],"version-history":[{"count":1,"href":"https:\/\/zoomproducciones.com.ar\/zoomp\/wp-json\/wp\/v2\/posts\/13798\/revisions"}],"predecessor-version":[{"id":13800,"href":"https:\/\/zoomproducciones.com.ar\/zoomp\/wp-json\/wp\/v2\/posts\/13798\/revisions\/13800"}],"wp:featuredmedia":[{"embeddable":true,"href":"https:\/\/zoomproducciones.com.ar\/zoomp\/wp-json\/wp\/v2\/media\/13799"}],"wp:attachment":[{"href":"https:\/\/zoomproducciones.com.ar\/zoomp\/wp-json\/wp\/v2\/media?parent=13798"}],"wp:term":[{"taxonomy":"category","embeddable":true,"href":"https:\/\/zoomproducciones.com.ar\/zoomp\/wp-json\/wp\/v2\/categories?post=13798"},{"taxonomy":"post_tag","embeddable":true,"href":"https:\/\/zoomproducciones.com.ar\/zoomp\/wp-json\/wp\/v2\/tags?post=13798"}],"curies":[{"name":"wp","href":"https:\/\/api.w.org\/{rel}","templated":true}]}}