{"id":13797,"date":"2024-03-25T23:31:30","date_gmt":"2024-03-26T02:31:30","guid":{"rendered":"http:\/\/zoomproducciones.com.ar\/zoomp\/?p=13797"},"modified":"2024-03-25T23:31:31","modified_gmt":"2024-03-26T02:31:31","slug":"asi-sera-el-super-fin-de-semana-largo","status":"publish","type":"post","link":"https:\/\/zoomproducciones.com.ar\/zoomp\/asi-sera-el-super-fin-de-semana-largo\/","title":{"rendered":"As\u00ed ser\u00e1 el s\u00faper fin de semana largo"},"content":{"rendered":"\n<p>Seg\u00fan el decreto oficial del Gobierno, esta semana comenzar\u00e1 un s\u00faper fin de semana largo de hasta 6 d\u00edas en Argentina. La propuesta est\u00e1 pensada desde fines tur\u00edsticos y se acopla a las tres fechas establecidas con ese inter\u00e9s desde Naci\u00f3n. El\u00a0<strong>2024  tiene 12 feriados inamovibles y cuatro trasladables<\/strong>, seg\u00fan el decreto oficial del Gobierno. <\/p>\n\n\n\n<p>Los feriados con fines tur\u00edsticos son&nbsp;<strong>el lunes 1 de abril (puente con el viernes 29 de marzo, Viernes Santo)<\/strong>; el&nbsp;<strong>viernes 21 de junio (puente con el jueves 20 de junio, Paso a la Inmortalidad del General Manuel Belgrano)<\/strong>&nbsp;y&nbsp;<strong>el viernes 11 de octubre (puente con el s\u00e1bado 12 de octubre, D\u00eda del Respeto a la Diversidad Cultural)<\/strong>.<\/p>\n\n\n\n<h2 class=\"wp-block-heading\">S\u00faper fin de semana largo<\/h2>\n\n\n\n<p>28\/03: Jueves Santo<\/p>\n\n\n\n<p>29\/03: Viernes Santo<\/p>\n\n\n\n<p>30\/03: S\u00e1bado de Gloria (o S\u00e1bado Santo)<\/p>\n\n\n\n<p>31\/03: Domingo de Resurrecci\u00f3n (o Domingo de Pascua)<\/p>\n\n\n\n<p>01\/04: Lunes (fer\u00edado con fines tur\u00edsticos)<\/p>\n\n\n\n<p>02\/04: Martes (D\u00eda del Veterano y de los Ca\u00eddos en la Guerra de Malvinas)<\/p>\n\n\n\n<p>Adem\u00e1s, aquellas personas que viven en Corrientes Capital tambi\u00e9n tendr\u00e1n un d\u00eda m\u00e1s de descanso ya que el 3 de abril se recuerda el aniversario de la ciudad. <\/p>\n\n\n\n<h2 class=\"wp-block-heading\">Calendario de Feriados 2024 en Argentina: inamovibles<\/h2>\n\n\n\n<ul class=\"wp-block-list\">\n<li><strong>Lunes&nbsp;1\u00b0 de enero: A\u00f1o Nuevo<\/strong><\/li>\n\n\n\n<li><strong>Lunes&nbsp;12 de febrero: Carnaval<\/strong><\/li>\n\n\n\n<li><strong>Martes&nbsp;13 de febrero: Carnaval<\/strong><\/li>\n\n\n\n<li><strong>Domingo&nbsp;24 de marzo: D\u00eda Nacional de la Memoria por la Verdad y la Justicia<\/strong><\/li>\n\n\n\n<li><strong>Viernes&nbsp;29 de marzo: Viernes Santo<\/strong><\/li>\n\n\n\n<li><strong>Martes&nbsp;2 de abril: D\u00eda del Veterano y de los Ca\u00eddos en la Guerra de Malvinas<\/strong><\/li>\n\n\n\n<li><strong>Mi\u00e9rcoles&nbsp;1\u00b0 de mayo: D\u00eda del Trabajo<\/strong><\/li>\n\n\n\n<li><strong>S\u00e1bado&nbsp;25 de mayo: D\u00eda de la Revoluci\u00f3n de Mayo<\/strong><\/li>\n\n\n\n<li><strong>Jueves&nbsp;20 de junio: Paso a la Inmortalidad del General Don Manuel Belgrano<\/strong><\/li>\n\n\n\n<li><strong>Martes&nbsp;9 de julio: D\u00eda de la Independencia<\/strong><\/li>\n\n\n\n<li><strong>Domingo&nbsp;8 de diciembre: D\u00eda de la Inmaculada Concepci\u00f3n de Mar\u00eda<\/strong><\/li>\n\n\n\n<li><strong>Mi\u00e9rcoles&nbsp;25 de diciembre: Navidad<\/strong><\/li>\n<\/ul>\n","protected":false},"excerpt":{"rendered":"<p>Seg\u00fan el decreto oficial del Gobierno, esta semana comenzar\u00e1 un s\u00faper fin de semana largo de hasta 6 d\u00edas en Argentina. La propuesta est\u00e1 pensada desde fines tur\u00edsticos y se acopla a las tres fechas establecidas con ese inter\u00e9s desde Naci\u00f3n. El\u00a02024 tiene 12 feriados inamovibles y cuatro trasladables, seg\u00fan el decreto oficial del Gobierno. [&hellip;]<\/p>\n","protected":false},"author":2,"featured_media":13801,"comment_status":"closed","ping_status":"open","sticky":false,"template":"","format":"standard","meta":{"footnotes":""},"categories":[8],"tags":[511],"class_list":{"0":"post-13797","1":"post","2":"type-post","3":"status-publish","4":"format-standard","5":"has-post-thumbnail","7":"category-nacionales","8":"tag-bloque-2"},"_links":{"self":[{"href":"https:\/\/zoomproducciones.com.ar\/zoomp\/wp-json\/wp\/v2\/posts\/13797","targetHints":{"allow":["GET"]}}],"collection":[{"href":"https:\/\/zoomproducciones.com.ar\/zoomp\/wp-json\/wp\/v2\/posts"}],"about":[{"href":"https:\/\/zoomproducciones.com.ar\/zoomp\/wp-json\/wp\/v2\/types\/post"}],"author":[{"embeddable":true,"href":"https:\/\/zoomproducciones.com.ar\/zoomp\/wp-json\/wp\/v2\/users\/2"}],"replies":[{"embeddable":true,"href":"https:\/\/zoomproducciones.com.ar\/zoomp\/wp-json\/wp\/v2\/comments?post=13797"}],"version-history":[{"count":2,"href":"https:\/\/zoomproducciones.com.ar\/zoomp\/wp-json\/wp\/v2\/posts\/13797\/revisions"}],"predecessor-version":[{"id":13809,"href":"https:\/\/zoomproducciones.com.ar\/zoomp\/wp-json\/wp\/v2\/posts\/13797\/revisions\/13809"}],"wp:featuredmedia":[{"embeddable":true,"href":"https:\/\/zoomproducciones.com.ar\/zoomp\/wp-json\/wp\/v2\/media\/13801"}],"wp:attachment":[{"href":"https:\/\/zoomproducciones.com.ar\/zoomp\/wp-json\/wp\/v2\/media?parent=13797"}],"wp:term":[{"taxonomy":"category","embeddable":true,"href":"https:\/\/zoomproducciones.com.ar\/zoomp\/wp-json\/wp\/v2\/categories?post=13797"},{"taxonomy":"post_tag","embeddable":true,"href":"https:\/\/zoomproducciones.com.ar\/zoomp\/wp-json\/wp\/v2\/tags?post=13797"}],"curies":[{"name":"wp","href":"https:\/\/api.w.org\/{rel}","templated":true}]}}