{"id":13787,"date":"2024-03-25T08:12:33","date_gmt":"2024-03-25T11:12:33","guid":{"rendered":"http:\/\/zoomproducciones.com.ar\/zoomp\/?p=13787"},"modified":"2024-03-25T08:12:34","modified_gmt":"2024-03-25T11:12:34","slug":"una-mujer-de-27-anos-mato-a-su-expareja-de-16-murio-degollado","status":"publish","type":"post","link":"https:\/\/zoomproducciones.com.ar\/zoomp\/una-mujer-de-27-anos-mato-a-su-expareja-de-16-murio-degollado\/","title":{"rendered":"Una mujer de 27 a\u00f1os mat\u00f3 a su expareja de 16: muri\u00f3 degollado"},"content":{"rendered":"\n<p>Y\u00e9sica, la madre de Benjam\u00edn Molina, el joven de 16 a\u00f1os que fue brutalmente degollado por su exnovia en Bernal, comparti\u00f3 detalles desgarradores sobre el tr\u00e1gico crimen. En una intervenci\u00f3n en TN durante la tarde del domingo, expres\u00f3: <strong>\u201cLo mat\u00f3 adelante de toda su familia y nadie lo ayud\u00f3\u201d<\/strong>.<\/p>\n\n\n\n<p>Adem\u00e1s, dirigi\u00f3 duras cr\u00edticas hacia la familia de la agresora, Luj\u00e1n Rigoni, quien fue arrestada en Florencio Varela pocas horas despu\u00e9s del ataque. Y\u00e9sica afirm\u00f3: <strong>\u201cSon todos c\u00f3mplices de la muerte de mi hijo\u201d.<\/strong><\/p>\n\n\n\n<p>La madre revel\u00f3 que Benjam\u00edn y Luj\u00e1n hab\u00edan mantenido una relaci\u00f3n durante 2 a\u00f1os, pero se hab\u00edan separado en las semanas previas al fatal suceso. Coment\u00f3 que Luj\u00e1n se negaba a aceptar la ruptura e incluso <strong>\u00ablo buscaba por todos lados, mientras \u00e9l se escond\u00eda para evitarla\u00bb.<\/strong><\/p>\n\n\n\n<p>Adem\u00e1s, Y\u00e9sica revel\u00f3 que su hijo sufr\u00eda violencia de forma constante. \u201cSe escond\u00eda porque ella le pegaba y ven\u00eda todo golpeado a casa.\u00a0<strong>Tambi\u00e9n lo obligaba a hacer cosas: lo mandaba a robar<\/strong>\u201d, se\u00f1al\u00f3.<\/p>\n\n\n\n<p>\u201cEn esa casa hay muchos chicos que no son familiares y<strong>\u00a0los mandan a robar<\/strong>\u201d, sostuvo. Y agreg\u00f3: \u201cQuiero que vayan todos presos y que se haga justicia por la muerte de mi hijo\u201d.<\/p>\n\n\n\n<h2 class=\"wp-block-heading\">C\u00f3mo fue el crimen del adolescente de 16 a\u00f1os en Bernal<\/h2>\n\n\n\n<p>Seg\u00fan informaron autoridades policiales,<strong>&nbsp;Luj\u00e1n Rigoni y Benjam\u00edn Molina<\/strong>&nbsp;estaban discutiendo en una casa ubicada en la calle 175 y Pilcomayo, del barrio La Iapi en la localidad bonaerense de Bernal, partido de Quilmes.<\/p>\n\n\n\n<p>La situaci\u00f3n escal\u00f3 hasta el punto en que la mujer\u00a0<strong>rompi\u00f3 una botella, se la clav\u00f3 en el cuello y escap\u00f3.\u00a0<\/strong>Un amigo del adolescente lo encontr\u00f3 herido y lo traslad\u00f3 a un hospital local, donde muri\u00f3 a los pocos minutos.<\/p>\n\n\n\n<p>Luego de que la polic\u00eda recibiera la alerta, se activ\u00f3 un operativo de b\u00fasqueda. Se llev\u00f3 a cabo un allanamiento en la casa donde ocurri\u00f3 el crimen y en un segundo domicilio, hasta que las autoridades detuvieron a Luj\u00e1n en la intersecci\u00f3n de \u00c1lvarez Thomas y Mayor Eduardo Alfredo Olivero, en Florencio Varela. La mujer fue trasladada a la seccional secta de Quilmes.<\/p>\n\n\n\n<p>La causa fue caratulada como<strong>\u00a0\u201chomicidio agravado por mediar relaci\u00f3n de pareja\u201d\u00a0<\/strong>y qued\u00f3 a cargo el fiscal Mart\u00edn Conde, de la Unidad Funcional N.\u00ba 3 de ese distrito.<\/p>\n\n\n\n<p>Con datos de TN<\/p>\n","protected":false},"excerpt":{"rendered":"<p>Y\u00e9sica, la madre de Benjam\u00edn Molina, el joven de 16 a\u00f1os que fue brutalmente degollado por su exnovia en Bernal, comparti\u00f3 detalles desgarradores sobre el tr\u00e1gico crimen. En una intervenci\u00f3n en TN durante la tarde del domingo, expres\u00f3: \u201cLo mat\u00f3 adelante de toda su familia y nadie lo ayud\u00f3\u201d. Adem\u00e1s, dirigi\u00f3 duras cr\u00edticas hacia la [&hellip;]<\/p>\n","protected":false},"author":2,"featured_media":13788,"comment_status":"closed","ping_status":"open","sticky":false,"template":"","format":"standard","meta":{"footnotes":""},"categories":[414],"tags":[118,511,122],"class_list":{"0":"post-13787","1":"post","2":"type-post","3":"status-publish","4":"format-standard","5":"has-post-thumbnail","7":"category-policiales-2","8":"tag-argentina","9":"tag-bloque-2","10":"tag-policiales"},"_links":{"self":[{"href":"https:\/\/zoomproducciones.com.ar\/zoomp\/wp-json\/wp\/v2\/posts\/13787","targetHints":{"allow":["GET"]}}],"collection":[{"href":"https:\/\/zoomproducciones.com.ar\/zoomp\/wp-json\/wp\/v2\/posts"}],"about":[{"href":"https:\/\/zoomproducciones.com.ar\/zoomp\/wp-json\/wp\/v2\/types\/post"}],"author":[{"embeddable":true,"href":"https:\/\/zoomproducciones.com.ar\/zoomp\/wp-json\/wp\/v2\/users\/2"}],"replies":[{"embeddable":true,"href":"https:\/\/zoomproducciones.com.ar\/zoomp\/wp-json\/wp\/v2\/comments?post=13787"}],"version-history":[{"count":1,"href":"https:\/\/zoomproducciones.com.ar\/zoomp\/wp-json\/wp\/v2\/posts\/13787\/revisions"}],"predecessor-version":[{"id":13789,"href":"https:\/\/zoomproducciones.com.ar\/zoomp\/wp-json\/wp\/v2\/posts\/13787\/revisions\/13789"}],"wp:featuredmedia":[{"embeddable":true,"href":"https:\/\/zoomproducciones.com.ar\/zoomp\/wp-json\/wp\/v2\/media\/13788"}],"wp:attachment":[{"href":"https:\/\/zoomproducciones.com.ar\/zoomp\/wp-json\/wp\/v2\/media?parent=13787"}],"wp:term":[{"taxonomy":"category","embeddable":true,"href":"https:\/\/zoomproducciones.com.ar\/zoomp\/wp-json\/wp\/v2\/categories?post=13787"},{"taxonomy":"post_tag","embeddable":true,"href":"https:\/\/zoomproducciones.com.ar\/zoomp\/wp-json\/wp\/v2\/tags?post=13787"}],"curies":[{"name":"wp","href":"https:\/\/api.w.org\/{rel}","templated":true}]}}