{"id":13764,"date":"2024-03-22T09:41:46","date_gmt":"2024-03-22T12:41:46","guid":{"rendered":"http:\/\/zoomproducciones.com.ar\/zoomp\/?p=13764"},"modified":"2024-03-22T09:41:46","modified_gmt":"2024-03-22T12:41:46","slug":"sin-messi-esta-noche-argentina-se-medira-contra-el-salvador-en-una-nueva-fecha-fifa","status":"publish","type":"post","link":"https:\/\/zoomproducciones.com.ar\/zoomp\/sin-messi-esta-noche-argentina-se-medira-contra-el-salvador-en-una-nueva-fecha-fifa\/","title":{"rendered":"Sin Messi: esta noche Argentina se medir\u00e1 contra El Salvador en una nueva fecha FIFA"},"content":{"rendered":"\n<p>El partido entre <strong>Argentina y El Salvador<\/strong> se disputar\u00e1 hoy viernes 22 de marzo a las 21:00 horas (de Argentina) con televisaci\u00f3n de TyC Sports. Se podr\u00e1 seguir por medios digitales a trav\u00e9s de las plataformas Directv Go, Telecentro Play y Flow.\u00a0<\/p>\n\n\n\n<h3 class=\"wp-block-heading\">La probable formaci\u00f3n de la Selecci\u00f3n Argentina contra El Salvador<\/h3>\n\n\n\n<p>Emiliano Mart\u00ednez; Nahuel Molina, Cristian Romero, Nicol\u00e1s Otamendi, Nicol\u00e1s Tagliafico; Rodrigo De Paul, Enzo Fern\u00e1ndez, Alexis Mac Allister; \u00c1ngel Di Mar\u00eda, Lautaro Mart\u00ednez (en el banco estar\u00eda Juli\u00e1n \u00c1lvarez) y Nicol\u00e1s Gonz\u00e1lez (o Giovani Lo Celso).\u00a0<strong>DT:<\/strong>\u00a0Lionel Scaloni.<\/p>\n\n\n\n<h2 class=\"wp-block-heading\">Messi no juega ante El Salvador<\/h2>\n\n\n\n<p>A trav\u00e9s de sus redes sociales, el combinado albiceleste tach\u00f3 a Leo de la lista de convocados para los compromisos en Filadelfia y Los \u00c1ngeles:\u00a0<em>\u00abEl capit\u00e1n de Argentina, Lionel Messi, no podr\u00e1 estar en la convocatoria para los amistosos en Estados Unidos\u00a0<strong>debido a una peque\u00f1a lesi\u00f3n en el isquiotibial de la pierna derecha<\/strong>\u00a0sufrida en el partido de su equipo Inter Miami ante Nashville SC\u201d.<\/em><\/p>\n\n\n\n<figure class=\"wp-block-image size-full\"><a href=\"http:\/\/zoomproducciones.com.ar\/zoomp\/wp-content\/uploads\/2024\/03\/image-115.png\"><img loading=\"lazy\" decoding=\"async\" width=\"862\" height=\"892\" src=\"http:\/\/zoomproducciones.com.ar\/zoomp\/wp-content\/uploads\/2024\/03\/image-115.png\" alt=\"\" class=\"wp-image-13765\" srcset=\"https:\/\/zoomproducciones.com.ar\/zoomp\/wp-content\/uploads\/2024\/03\/image-115.png 862w, https:\/\/zoomproducciones.com.ar\/zoomp\/wp-content\/uploads\/2024\/03\/image-115-290x300.png 290w, https:\/\/zoomproducciones.com.ar\/zoomp\/wp-content\/uploads\/2024\/03\/image-115-768x795.png 768w\" sizes=\"auto, (max-width: 862px) 100vw, 862px\" \/><\/a><\/figure>\n\n\n\n<p>Si bien en AFA le abrieron las puertas para que pueda incorporarse de igual manera y estar cerca de sus compa\u00f1eros, como sucedi\u00f3 con Lisandro Mart\u00ednez, quien viaj\u00f3 a tierras norteamericanas lesionado y consciente de que no va a poder sumar minutos en esta doble jornada, finalmente<strong>&nbsp;Messi se quedar\u00e1 en Miami para seguir recuper\u00e1ndose de la lesi\u00f3n.<\/strong><\/p>\n","protected":false},"excerpt":{"rendered":"<p>El partido entre Argentina y El Salvador se disputar\u00e1 hoy viernes 22 de marzo a las 21:00 horas (de Argentina) con televisaci\u00f3n de TyC Sports. Se podr\u00e1 seguir por medios digitales a trav\u00e9s de las plataformas Directv Go, Telecentro Play y Flow.\u00a0 La probable formaci\u00f3n de la Selecci\u00f3n Argentina contra El Salvador Emiliano Mart\u00ednez; Nahuel [&hellip;]<\/p>\n","protected":false},"author":2,"featured_media":13766,"comment_status":"closed","ping_status":"open","sticky":false,"template":"","format":"standard","meta":{"footnotes":""},"categories":[372],"tags":[511],"class_list":{"0":"post-13764","1":"post","2":"type-post","3":"status-publish","4":"format-standard","5":"has-post-thumbnail","7":"category-futbol","8":"tag-bloque-2"},"_links":{"self":[{"href":"https:\/\/zoomproducciones.com.ar\/zoomp\/wp-json\/wp\/v2\/posts\/13764","targetHints":{"allow":["GET"]}}],"collection":[{"href":"https:\/\/zoomproducciones.com.ar\/zoomp\/wp-json\/wp\/v2\/posts"}],"about":[{"href":"https:\/\/zoomproducciones.com.ar\/zoomp\/wp-json\/wp\/v2\/types\/post"}],"author":[{"embeddable":true,"href":"https:\/\/zoomproducciones.com.ar\/zoomp\/wp-json\/wp\/v2\/users\/2"}],"replies":[{"embeddable":true,"href":"https:\/\/zoomproducciones.com.ar\/zoomp\/wp-json\/wp\/v2\/comments?post=13764"}],"version-history":[{"count":1,"href":"https:\/\/zoomproducciones.com.ar\/zoomp\/wp-json\/wp\/v2\/posts\/13764\/revisions"}],"predecessor-version":[{"id":13767,"href":"https:\/\/zoomproducciones.com.ar\/zoomp\/wp-json\/wp\/v2\/posts\/13764\/revisions\/13767"}],"wp:featuredmedia":[{"embeddable":true,"href":"https:\/\/zoomproducciones.com.ar\/zoomp\/wp-json\/wp\/v2\/media\/13766"}],"wp:attachment":[{"href":"https:\/\/zoomproducciones.com.ar\/zoomp\/wp-json\/wp\/v2\/media?parent=13764"}],"wp:term":[{"taxonomy":"category","embeddable":true,"href":"https:\/\/zoomproducciones.com.ar\/zoomp\/wp-json\/wp\/v2\/categories?post=13764"},{"taxonomy":"post_tag","embeddable":true,"href":"https:\/\/zoomproducciones.com.ar\/zoomp\/wp-json\/wp\/v2\/tags?post=13764"}],"curies":[{"name":"wp","href":"https:\/\/api.w.org\/{rel}","templated":true}]}}