{"id":13649,"date":"2024-03-20T09:08:43","date_gmt":"2024-03-20T12:08:43","guid":{"rendered":"http:\/\/zoomproducciones.com.ar\/zoomp\/?p=13649"},"modified":"2024-03-20T09:08:44","modified_gmt":"2024-03-20T12:08:44","slug":"tras-un-acuerdo-partidario-mauricio-macri-es-el-nuevo-presidente-del-pro","status":"publish","type":"post","link":"https:\/\/zoomproducciones.com.ar\/zoomp\/tras-un-acuerdo-partidario-mauricio-macri-es-el-nuevo-presidente-del-pro\/","title":{"rendered":"Tras un acuerdo partidario, Mauricio Macri es el nuevo presidente del PRO"},"content":{"rendered":"\n<p>El ex presidente Mauricio Macri ha sido nombrado como el nuevo presidente del PRO, el partido que \u00e9l mismo fund\u00f3, luego de llegar a un acuerdo partidario este martes por la noche.<\/p>\n\n\n\n<p>Seg\u00fan reporta Noticias Argentinas, la intendenta de Vicente L\u00f3pez, <strong>Soledad Mart\u00ednez, ocupar\u00e1 el cargo de vicepresidenta primera;<\/strong> el diputado <strong>Demi\u00e1n Arabia ser\u00e1 el vicepresidente segundo<\/strong>; y el concejal de Santiago del Estero y referente del PRO en su provincia,<strong> Facundo Carletti Perez, asumir\u00e1 como vicepresidente tercero.<\/strong><\/p>\n\n\n\n<p>Adem\u00e1s, <strong>se suman a la junta directiva la diputada Mar\u00eda Eugenia Vidal<\/strong>; el gobernador de Chubut, Ignacio \u201cNacho\u201d Torres; y el intendente de Tres de Febrero, Diego Valenzuela. Por otro lado, <strong>la ministra de Seguridad, Patricia Bullrich, ser\u00e1 la titular de la Asamblea.<\/strong><\/p>\n\n\n\n<p>Es importante destacar que Macri nunca hab\u00eda ocupado la presidencia de su partido anteriormente, marcando esta como la primera vez en la que ejercer\u00e1 el poder desde esa posici\u00f3n.<\/p>\n\n\n\n<p>Por su parte, Bullrich oficialmente dejar\u00e1 la Presidencia este martes y enfrent\u00f3 una dura batalla interna con el ex presidente en la conformaci\u00f3n de la c\u00fapula del PRO. Seg\u00fan informaciones de NA, <strong>el sector macrista vet\u00f3 algunos de los nombres propuestos por Bullrich<\/strong> para integrar la lista \u00fanica que deb\u00eda presentarse antes de la medianoche del mismo martes.<\/p>\n\n\n\n<p>Tanto <strong>Horacio Rodr\u00edguez Larreta, ex jefe de Gobierno porte\u00f1o, como Vidal decidieron apartarse de la competencia<\/strong> y dar paso libre a Macri. As\u00ed, la vicepresidencia primera quedar\u00e1 en manos de una persona cercana a su primo y jefe de Gobierno porte\u00f1o, Jorge Macri, quien es Mart\u00ednez.<\/p>\n\n\n\n<p>La relaci\u00f3n entre Macri y Bullrich atraviesa un momento tenso. La actitud aut\u00f3noma de la ministra y su intento por alinear al PRO con el Gobierno del presidente Javier Milei han generado tensiones internas e incomodidad.<\/p>\n","protected":false},"excerpt":{"rendered":"<p>El ex presidente Mauricio Macri ha sido nombrado como el nuevo presidente del PRO, el partido que \u00e9l mismo fund\u00f3, luego de llegar a un acuerdo partidario este martes por la noche. Seg\u00fan reporta Noticias Argentinas, la intendenta de Vicente L\u00f3pez, Soledad Mart\u00ednez, ocupar\u00e1 el cargo de vicepresidenta primera; el diputado Demi\u00e1n Arabia ser\u00e1 el [&hellip;]<\/p>\n","protected":false},"author":2,"featured_media":13650,"comment_status":"closed","ping_status":"open","sticky":false,"template":"","format":"standard","meta":{"footnotes":""},"categories":[8],"tags":[118,42],"class_list":{"0":"post-13649","1":"post","2":"type-post","3":"status-publish","4":"format-standard","5":"has-post-thumbnail","7":"category-nacionales","8":"tag-argentina","9":"tag-featured"},"_links":{"self":[{"href":"https:\/\/zoomproducciones.com.ar\/zoomp\/wp-json\/wp\/v2\/posts\/13649","targetHints":{"allow":["GET"]}}],"collection":[{"href":"https:\/\/zoomproducciones.com.ar\/zoomp\/wp-json\/wp\/v2\/posts"}],"about":[{"href":"https:\/\/zoomproducciones.com.ar\/zoomp\/wp-json\/wp\/v2\/types\/post"}],"author":[{"embeddable":true,"href":"https:\/\/zoomproducciones.com.ar\/zoomp\/wp-json\/wp\/v2\/users\/2"}],"replies":[{"embeddable":true,"href":"https:\/\/zoomproducciones.com.ar\/zoomp\/wp-json\/wp\/v2\/comments?post=13649"}],"version-history":[{"count":1,"href":"https:\/\/zoomproducciones.com.ar\/zoomp\/wp-json\/wp\/v2\/posts\/13649\/revisions"}],"predecessor-version":[{"id":13651,"href":"https:\/\/zoomproducciones.com.ar\/zoomp\/wp-json\/wp\/v2\/posts\/13649\/revisions\/13651"}],"wp:featuredmedia":[{"embeddable":true,"href":"https:\/\/zoomproducciones.com.ar\/zoomp\/wp-json\/wp\/v2\/media\/13650"}],"wp:attachment":[{"href":"https:\/\/zoomproducciones.com.ar\/zoomp\/wp-json\/wp\/v2\/media?parent=13649"}],"wp:term":[{"taxonomy":"category","embeddable":true,"href":"https:\/\/zoomproducciones.com.ar\/zoomp\/wp-json\/wp\/v2\/categories?post=13649"},{"taxonomy":"post_tag","embeddable":true,"href":"https:\/\/zoomproducciones.com.ar\/zoomp\/wp-json\/wp\/v2\/tags?post=13649"}],"curies":[{"name":"wp","href":"https:\/\/api.w.org\/{rel}","templated":true}]}}