{"id":13635,"date":"2024-03-19T10:37:57","date_gmt":"2024-03-19T13:37:57","guid":{"rendered":"http:\/\/zoomproducciones.com.ar\/zoomp\/?p=13635"},"modified":"2024-03-19T10:37:57","modified_gmt":"2024-03-19T13:37:57","slug":"con-aumento-valdes-anuncio-el-pago-de-sueldos-para-estatales","status":"publish","type":"post","link":"https:\/\/zoomproducciones.com.ar\/zoomp\/con-aumento-valdes-anuncio-el-pago-de-sueldos-para-estatales\/","title":{"rendered":"Con aumento: Vald\u00e9s anunci\u00f3 el pago de sueldos para estatales"},"content":{"rendered":"\n<p>El gobernador Gustavo Vald\u00e9s anunci\u00f3 el cronograma de pagos de marzo para los empleados de la administraci\u00f3n p\u00fablica provincial, incluyendo activos, jubilados y pensionados.<\/p>\n\n\n\n<p>Seg\u00fan lo informado por Vald\u00e9s, el jueves 21 de marzo recibir\u00e1n sus haberes los empleados cuyos DNI terminen en 0 y 1. El viernes 22 ser\u00e1 el turno de aquellos con documentos finalizados en 2 y 3. <\/p>\n\n\n\n<p>El lunes 25 cobrar\u00e1n quienes tengan sus DNI terminados en 4 y 5, mientras que el martes 26 ser\u00e1 el momento de aquellos con documentos finalizados en 6 y 7. <\/p>\n\n\n\n<p>Finalmente, el mi\u00e9rcoles 27 se realizar\u00e1 el \u00faltimo pago para aquellos cuyos \u00faltimos n\u00fameros de DNI sean 8 y 9.<\/p>\n","protected":false},"excerpt":{"rendered":"<p>El gobernador Gustavo Vald\u00e9s anunci\u00f3 el cronograma de pagos de marzo para los empleados de la administraci\u00f3n p\u00fablica provincial, incluyendo activos, jubilados y pensionados. Seg\u00fan lo informado por Vald\u00e9s, el jueves 21 de marzo recibir\u00e1n sus haberes los empleados cuyos DNI terminen en 0 y 1. El viernes 22 ser\u00e1 el turno de aquellos con [&hellip;]<\/p>\n","protected":false},"author":2,"featured_media":0,"comment_status":"closed","ping_status":"open","sticky":false,"template":"","format":"standard","meta":{"footnotes":""},"categories":[3],"tags":[511,113],"class_list":{"0":"post-13635","1":"post","2":"type-post","3":"status-publish","4":"format-standard","6":"category-provinciales","7":"tag-bloque-2","8":"tag-gobierno-provincial"},"_links":{"self":[{"href":"https:\/\/zoomproducciones.com.ar\/zoomp\/wp-json\/wp\/v2\/posts\/13635","targetHints":{"allow":["GET"]}}],"collection":[{"href":"https:\/\/zoomproducciones.com.ar\/zoomp\/wp-json\/wp\/v2\/posts"}],"about":[{"href":"https:\/\/zoomproducciones.com.ar\/zoomp\/wp-json\/wp\/v2\/types\/post"}],"author":[{"embeddable":true,"href":"https:\/\/zoomproducciones.com.ar\/zoomp\/wp-json\/wp\/v2\/users\/2"}],"replies":[{"embeddable":true,"href":"https:\/\/zoomproducciones.com.ar\/zoomp\/wp-json\/wp\/v2\/comments?post=13635"}],"version-history":[{"count":1,"href":"https:\/\/zoomproducciones.com.ar\/zoomp\/wp-json\/wp\/v2\/posts\/13635\/revisions"}],"predecessor-version":[{"id":13636,"href":"https:\/\/zoomproducciones.com.ar\/zoomp\/wp-json\/wp\/v2\/posts\/13635\/revisions\/13636"}],"wp:attachment":[{"href":"https:\/\/zoomproducciones.com.ar\/zoomp\/wp-json\/wp\/v2\/media?parent=13635"}],"wp:term":[{"taxonomy":"category","embeddable":true,"href":"https:\/\/zoomproducciones.com.ar\/zoomp\/wp-json\/wp\/v2\/categories?post=13635"},{"taxonomy":"post_tag","embeddable":true,"href":"https:\/\/zoomproducciones.com.ar\/zoomp\/wp-json\/wp\/v2\/tags?post=13635"}],"curies":[{"name":"wp","href":"https:\/\/api.w.org\/{rel}","templated":true}]}}