{"id":13630,"date":"2024-03-19T09:58:57","date_gmt":"2024-03-19T12:58:57","guid":{"rendered":"http:\/\/zoomproducciones.com.ar\/zoomp\/?p=13630"},"modified":"2024-03-19T09:58:58","modified_gmt":"2024-03-19T12:58:58","slug":"kicillof-le-respondio-a-milei-y-espert-son-los-liberales-mas-locos-del-mundo","status":"publish","type":"post","link":"https:\/\/zoomproducciones.com.ar\/zoomp\/kicillof-le-respondio-a-milei-y-espert-son-los-liberales-mas-locos-del-mundo\/","title":{"rendered":"Kicillof le respondi\u00f3 a Milei y Espert: \u00bbson los liberales m\u00e1s locos del mundo\u00bb"},"content":{"rendered":"\n<p>El gobernador de la provincia de Buenos Aires, Axel Kicillof, respondi\u00f3 a las declaraciones del presidente Javier Milei y el diputado oficialista Jos\u00e9 Luis Espert, quienes llamaron a una \u00abrebeli\u00f3n fiscal\u00bb en la Provincia. Kicillof hizo estas declaraciones este lunes desde el Sal\u00f3n Dorado de la Casa de Gobierno, donde anunci\u00f3 aumentos salariales, jubilaciones y asignaciones familiares para los trabajadores bonaerenses. <\/p>\n\n\n\n<p>Durante la conferencia de prensa, el gobernador confirm\u00f3 que a partir de marzo se implementar\u00e1n nuevas medidas para mitigar el impacto de la inflaci\u00f3n y la devaluaci\u00f3n del gobierno de Javier Milei.<\/p>\n\n\n\n<p>\u00abLa provincia de Buenos Aires ha estado trabajando para <strong>contener el impacto de la in\u00e9dita pol\u00edtica econ\u00f3mica del Gobierno nacional, que ha incluido una significativa devaluaci\u00f3n de la moneda y la total liberaci\u00f3n de precios en alimentos, medicamentos e insumos<\/strong>\u00ab, destac\u00f3 Kicillof. En ese sentido, el gobernador critic\u00f3 a Milei por \u00abreprimir\u00bb los salarios y llevar el ajuste de ingresos al extremo. <\/p>\n\n\n\n<p>\u00abEl componente fundamental de este plan econ\u00f3mico es la represi\u00f3n salarial; se ha impuesto un tope a las negociaciones paritarias con el ajuste del salario\u00bb, explic\u00f3. Adem\u00e1s<strong>, cuestion\u00f3 al Gobierno<\/strong> al que calific\u00f3 como<strong> \u00ablos liberales m\u00e1s locos del mundo\u00bb, <\/strong>planteando medidas represivas y controlando el precio de los salarios de los trabajadores.<\/p>\n\n\n\n<p>Por su parte, Espert propuso en una entrevista radial \u00abno pagar el aumento de impuestos\u00bb en la provincia. Asimismo, calific\u00f3 al gobernador como un<strong> \u00abvampiro en un banco de sangre con el dinero\u00bb porque \u00abnunca le alcanza\u00bb.<\/strong><\/p>\n\n\n\n<p>A estas declaraciones se sum\u00f3 el presidente Milei, quien calific\u00f3 como <strong>\u00abrobo descarado\u00bb<\/strong> el cobro de tasas. En una entrevista en La Naci\u00f3n M\u00e1s, Milei manifest\u00f3: \u00abEs expropiatorio y no tiene contrapartida en bienes p\u00fablicos. Kicillof no ofrece nada; en t\u00e9rminos de seguridad, la provincia es un ba\u00f1o de sangre; en educaci\u00f3n, los rendimientos acad\u00e9micos son verdaderamente paup\u00e9rrimos; en cuanto a salud, ya hemos visto la estafa del Estado durante la pandemia\u00bb.<\/p>\n\n\n\n<p>En tanto, desde el Partido Justicialista (PJ) de la provincia de Buenos Aires le respondieron al presidente Javier Milei y al diputado Jos\u00e9 Luis Espert a trav\u00e9s de un comunicado que compartieron desde la cuenta oficial del partido en la red social X calificaron la postura de los referentes del oficialismo como \u00abmuy grave e irresponsable\u00bb.<\/p>\n\n\n\n<p>Desde el PJ bonaerense, que preside el diputado nacional M\u00e1ximo Kirchner, advirtieron que tanto el pedido del Presidente y del legislador que encabeza la Comisi\u00f3n de Presupuesto en Diputados, se trata de una insurrecci\u00f3n. \u00abEs muy grave e irresponsable la actitud del presidente de la Naci\u00f3n y el diputado por la provincia de Buenos Aires que preside la comisi\u00f3n de Presupuesto y Hacienda del Congreso. Est\u00e1n abiertamente llamando a una rebeli\u00f3n fiscal en la Provincia\u00bb, alertaron.<\/p>\n\n\n\n<h2 class=\"wp-block-heading\">Las medidas econ\u00f3micas que anunci\u00f3 Kicillof<\/h2>\n\n\n\n<p>-Incremento del 13,5% para el mes de marzo para el conjunto de trabajadores de la Provincia, como estatales, Polic\u00eda, jubilados y docentes. El acuerdo incluye tambi\u00e9n el aumento de asignaciones familiares de un 110%.<\/p>\n\n\n\n<p>-Aumento de la jubilaci\u00f3n m\u00ednima en un 46,6%, que alcanza a 14.000 beneficiarios. Estas medidas se suman al incremento del 76% a las prestaciones de programas sociales y del 118,7% de programas de ni\u00f1ez y adolescencia.<\/p>\n\n\n\n<p>-Se duplica la partida para comedores y centros comunitarios, esto alcanza a 2.000.000 de familias.<\/p>\n","protected":false},"excerpt":{"rendered":"<p>El gobernador de la provincia de Buenos Aires, Axel Kicillof, respondi\u00f3 a las declaraciones del presidente Javier Milei y el diputado oficialista Jos\u00e9 Luis Espert, quienes llamaron a una \u00abrebeli\u00f3n fiscal\u00bb en la Provincia. Kicillof hizo estas declaraciones este lunes desde el Sal\u00f3n Dorado de la Casa de Gobierno, donde anunci\u00f3 aumentos salariales, jubilaciones y [&hellip;]<\/p>\n","protected":false},"author":2,"featured_media":13631,"comment_status":"closed","ping_status":"open","sticky":false,"template":"","format":"standard","meta":{"footnotes":""},"categories":[8],"tags":[118,511,117],"class_list":{"0":"post-13630","1":"post","2":"type-post","3":"status-publish","4":"format-standard","5":"has-post-thumbnail","7":"category-nacionales","8":"tag-argentina","9":"tag-bloque-2","10":"tag-gobierno-nacional"},"_links":{"self":[{"href":"https:\/\/zoomproducciones.com.ar\/zoomp\/wp-json\/wp\/v2\/posts\/13630","targetHints":{"allow":["GET"]}}],"collection":[{"href":"https:\/\/zoomproducciones.com.ar\/zoomp\/wp-json\/wp\/v2\/posts"}],"about":[{"href":"https:\/\/zoomproducciones.com.ar\/zoomp\/wp-json\/wp\/v2\/types\/post"}],"author":[{"embeddable":true,"href":"https:\/\/zoomproducciones.com.ar\/zoomp\/wp-json\/wp\/v2\/users\/2"}],"replies":[{"embeddable":true,"href":"https:\/\/zoomproducciones.com.ar\/zoomp\/wp-json\/wp\/v2\/comments?post=13630"}],"version-history":[{"count":1,"href":"https:\/\/zoomproducciones.com.ar\/zoomp\/wp-json\/wp\/v2\/posts\/13630\/revisions"}],"predecessor-version":[{"id":13632,"href":"https:\/\/zoomproducciones.com.ar\/zoomp\/wp-json\/wp\/v2\/posts\/13630\/revisions\/13632"}],"wp:featuredmedia":[{"embeddable":true,"href":"https:\/\/zoomproducciones.com.ar\/zoomp\/wp-json\/wp\/v2\/media\/13631"}],"wp:attachment":[{"href":"https:\/\/zoomproducciones.com.ar\/zoomp\/wp-json\/wp\/v2\/media?parent=13630"}],"wp:term":[{"taxonomy":"category","embeddable":true,"href":"https:\/\/zoomproducciones.com.ar\/zoomp\/wp-json\/wp\/v2\/categories?post=13630"},{"taxonomy":"post_tag","embeddable":true,"href":"https:\/\/zoomproducciones.com.ar\/zoomp\/wp-json\/wp\/v2\/tags?post=13630"}],"curies":[{"name":"wp","href":"https:\/\/api.w.org\/{rel}","templated":true}]}}