{"id":13627,"date":"2024-03-19T09:39:58","date_gmt":"2024-03-19T12:39:58","guid":{"rendered":"http:\/\/zoomproducciones.com.ar\/zoomp\/?p=13627"},"modified":"2024-03-19T09:41:08","modified_gmt":"2024-03-19T12:41:08","slug":"accidente-fatal-tres-hombres-perdieron-la-vida-en-ruta-nacional-n14","status":"publish","type":"post","link":"https:\/\/zoomproducciones.com.ar\/zoomp\/accidente-fatal-tres-hombres-perdieron-la-vida-en-ruta-nacional-n14\/","title":{"rendered":"Accidente fatal: tres hombres perdieron la vida en Ruta Nacional N\u00b014"},"content":{"rendered":"\n<p>Tres hombres perdieron la vida este lunes tras un tr\u00e1gico choque entre un cami\u00f3n y un autom\u00f3vil en las cercan\u00edas de la localidad correntina de La Cruz.<\/p>\n\n\n\n<p>El accidente tuvo lugar pasadas las 16:40 en la Ruta Nacional N\u00ba 14, a la altura de Estancia Aguapey. Por causas que a\u00fan se intentan esclarecer, colisionaron un cami\u00f3n de carga y un autom\u00f3vil marca Toyota Corolla, en el que viajaban tres personas que fallecieron en el acto y quedaron atrapadas entre los hierros a causa del impacto.<\/p>\n\n\n\n<p>Las v\u00edctimas fatales fueron identificadas como Sergio Omar Monsalvo (61), Jorge Pablo Bourgoieng (63) y Justino Ayala (69), todos con domicilio en Buenos Aires. En cuanto al conductor del cami\u00f3n, Javier Dutra de 42 a\u00f1os, result\u00f3 herido y fue trasladado al hospital local.<\/p>\n\n\n\n<p>El jefe de Bomberos de La Cruz, Mario Viaut, se\u00f1al\u00f3 al diario El Litoral que aparentemente se trat\u00f3 de un choque frontal. La Polic\u00eda de la Provincia se present\u00f3 en el lugar para iniciar las actuaciones correspondientes.<\/p>\n","protected":false},"excerpt":{"rendered":"<p>Tres hombres perdieron la vida este lunes tras un tr\u00e1gico choque entre un cami\u00f3n y un autom\u00f3vil en las cercan\u00edas de la localidad correntina de La Cruz. El accidente tuvo lugar pasadas las 16:40 en la Ruta Nacional N\u00ba 14, a la altura de Estancia Aguapey. Por causas que a\u00fan se intentan esclarecer, colisionaron un [&hellip;]<\/p>\n","protected":false},"author":2,"featured_media":13628,"comment_status":"closed","ping_status":"open","sticky":false,"template":"","format":"standard","meta":{"footnotes":""},"categories":[3],"tags":[511,122],"class_list":{"0":"post-13627","1":"post","2":"type-post","3":"status-publish","4":"format-standard","5":"has-post-thumbnail","7":"category-provinciales","8":"tag-bloque-2","9":"tag-policiales"},"_links":{"self":[{"href":"https:\/\/zoomproducciones.com.ar\/zoomp\/wp-json\/wp\/v2\/posts\/13627","targetHints":{"allow":["GET"]}}],"collection":[{"href":"https:\/\/zoomproducciones.com.ar\/zoomp\/wp-json\/wp\/v2\/posts"}],"about":[{"href":"https:\/\/zoomproducciones.com.ar\/zoomp\/wp-json\/wp\/v2\/types\/post"}],"author":[{"embeddable":true,"href":"https:\/\/zoomproducciones.com.ar\/zoomp\/wp-json\/wp\/v2\/users\/2"}],"replies":[{"embeddable":true,"href":"https:\/\/zoomproducciones.com.ar\/zoomp\/wp-json\/wp\/v2\/comments?post=13627"}],"version-history":[{"count":1,"href":"https:\/\/zoomproducciones.com.ar\/zoomp\/wp-json\/wp\/v2\/posts\/13627\/revisions"}],"predecessor-version":[{"id":13629,"href":"https:\/\/zoomproducciones.com.ar\/zoomp\/wp-json\/wp\/v2\/posts\/13627\/revisions\/13629"}],"wp:featuredmedia":[{"embeddable":true,"href":"https:\/\/zoomproducciones.com.ar\/zoomp\/wp-json\/wp\/v2\/media\/13628"}],"wp:attachment":[{"href":"https:\/\/zoomproducciones.com.ar\/zoomp\/wp-json\/wp\/v2\/media?parent=13627"}],"wp:term":[{"taxonomy":"category","embeddable":true,"href":"https:\/\/zoomproducciones.com.ar\/zoomp\/wp-json\/wp\/v2\/categories?post=13627"},{"taxonomy":"post_tag","embeddable":true,"href":"https:\/\/zoomproducciones.com.ar\/zoomp\/wp-json\/wp\/v2\/tags?post=13627"}],"curies":[{"name":"wp","href":"https:\/\/api.w.org\/{rel}","templated":true}]}}