{"id":13624,"date":"2024-03-19T09:31:29","date_gmt":"2024-03-19T12:31:29","guid":{"rendered":"http:\/\/zoomproducciones.com.ar\/zoomp\/?p=13624"},"modified":"2024-03-19T09:31:29","modified_gmt":"2024-03-19T12:31:29","slug":"feriado-en-la-ciudad-en-conmemoracion-a-nuestro-patrono-san-jose","status":"publish","type":"post","link":"https:\/\/zoomproducciones.com.ar\/zoomp\/feriado-en-la-ciudad-en-conmemoracion-a-nuestro-patrono-san-jose\/","title":{"rendered":"Feriado en la ciudad en conmemoraci\u00f3n a nuestro patrono San Jos\u00e9"},"content":{"rendered":"\n<p>El Municipio, mediante un comunicado, inform\u00f3 a todos sus habitantes que este martes 19 de marzo es feriado en la ciudad. Esta disposici\u00f3n se establece en virtud del Decreto No. 2.580 emitido por el Gobierno de la Provincia de Corrientes el 19 de junio de 1986.<\/p>\n\n\n\n<p>\u00bbEl mencionado decreto establece feriado permanente para el Municipio de Paso de los Libres el d\u00eda 19 de marzo, en honor a San Jos\u00e9, Santo Patrono de la ciudad. Esta medida busca reconocer la importancia cultural y religiosa de esta festividad para la comunidad local\u00bb expresaron.<\/p>\n\n\n\n<p>Por lo tanto, \u00bbse invita a todos los habitantes a tomar nota de este feriado y a planificar sus actividades en consecuencia. Asimismo, se recuerda que este d\u00eda festivo est\u00e1 destinado al descanso y la reflexi\u00f3n, as\u00ed como a la participaci\u00f3n en las actividades y celebraciones que se organicen en honor a San Jos\u00e9\u00bb.<\/p>\n","protected":false},"excerpt":{"rendered":"<p>El Municipio, mediante un comunicado, inform\u00f3 a todos sus habitantes que este martes 19 de marzo es feriado en la ciudad. Esta disposici\u00f3n se establece en virtud del Decreto No. 2.580 emitido por el Gobierno de la Provincia de Corrientes el 19 de junio de 1986. \u00bbEl mencionado decreto establece feriado permanente para el Municipio [&hellip;]<\/p>\n","protected":false},"author":2,"featured_media":13625,"comment_status":"closed","ping_status":"open","sticky":false,"template":"","format":"standard","meta":{"footnotes":""},"categories":[5],"tags":[511,116],"class_list":{"0":"post-13624","1":"post","2":"type-post","3":"status-publish","4":"format-standard","5":"has-post-thumbnail","7":"category-locales","8":"tag-bloque-2","9":"tag-paso-de-los-libres"},"_links":{"self":[{"href":"https:\/\/zoomproducciones.com.ar\/zoomp\/wp-json\/wp\/v2\/posts\/13624","targetHints":{"allow":["GET"]}}],"collection":[{"href":"https:\/\/zoomproducciones.com.ar\/zoomp\/wp-json\/wp\/v2\/posts"}],"about":[{"href":"https:\/\/zoomproducciones.com.ar\/zoomp\/wp-json\/wp\/v2\/types\/post"}],"author":[{"embeddable":true,"href":"https:\/\/zoomproducciones.com.ar\/zoomp\/wp-json\/wp\/v2\/users\/2"}],"replies":[{"embeddable":true,"href":"https:\/\/zoomproducciones.com.ar\/zoomp\/wp-json\/wp\/v2\/comments?post=13624"}],"version-history":[{"count":1,"href":"https:\/\/zoomproducciones.com.ar\/zoomp\/wp-json\/wp\/v2\/posts\/13624\/revisions"}],"predecessor-version":[{"id":13626,"href":"https:\/\/zoomproducciones.com.ar\/zoomp\/wp-json\/wp\/v2\/posts\/13624\/revisions\/13626"}],"wp:featuredmedia":[{"embeddable":true,"href":"https:\/\/zoomproducciones.com.ar\/zoomp\/wp-json\/wp\/v2\/media\/13625"}],"wp:attachment":[{"href":"https:\/\/zoomproducciones.com.ar\/zoomp\/wp-json\/wp\/v2\/media?parent=13624"}],"wp:term":[{"taxonomy":"category","embeddable":true,"href":"https:\/\/zoomproducciones.com.ar\/zoomp\/wp-json\/wp\/v2\/categories?post=13624"},{"taxonomy":"post_tag","embeddable":true,"href":"https:\/\/zoomproducciones.com.ar\/zoomp\/wp-json\/wp\/v2\/tags?post=13624"}],"curies":[{"name":"wp","href":"https:\/\/api.w.org\/{rel}","templated":true}]}}