{"id":13620,"date":"2024-03-19T09:23:02","date_gmt":"2024-03-19T12:23:02","guid":{"rendered":"http:\/\/zoomproducciones.com.ar\/zoomp\/?p=13620"},"modified":"2024-03-19T09:23:02","modified_gmt":"2024-03-19T12:23:02","slug":"el-parte-medico-de-altamirano-arrojo-que-el-jugador-tuvo-una-trombosis","status":"publish","type":"post","link":"https:\/\/zoomproducciones.com.ar\/zoomp\/el-parte-medico-de-altamirano-arrojo-que-el-jugador-tuvo-una-trombosis\/","title":{"rendered":"El parte m\u00e9dico de Altamirano arroj\u00f3 que el jugador tuvo una trombosis"},"content":{"rendered":"\n<p>Tras la convulsi\u00f3n que\u00a0<strong>Javier Altamirano\u00a0sufri\u00f3 en el partido de Estudiantes-Boca\u00a0<\/strong>y luego de varios an\u00e1lisis en el Instituto M\u00e9dico Platense, el club public\u00f3 el parte m\u00e9dico del jugador.<\/p>\n\n\n\n<p>\u201cLuego de los estudios realizados en el d\u00eda de hoy,\u00a0<strong>se determin\u00f3 que la causa de la convulsi\u00f3n sufrida por el jugador fue una trombosis del seno longitudinal superior\u00a0<\/strong>(cerebro).\u00a0<strong>Se encuentra estable<\/strong>, con la medicaci\u00f3n adecuada y a la espera de otros estudios. Permanecer\u00e1 internado para control evolutivo\u201d, inform\u00f3 el club.<\/p>\n\n\n\n<figure class=\"wp-block-image size-large\"><a href=\"http:\/\/zoomproducciones.com.ar\/zoomp\/wp-content\/uploads\/2024\/03\/image-78.png\"><img loading=\"lazy\" decoding=\"async\" width=\"922\" height=\"1024\" src=\"http:\/\/zoomproducciones.com.ar\/zoomp\/wp-content\/uploads\/2024\/03\/image-78-922x1024.png\" alt=\"\" class=\"wp-image-13621\" srcset=\"https:\/\/zoomproducciones.com.ar\/zoomp\/wp-content\/uploads\/2024\/03\/image-78-922x1024.png 922w, https:\/\/zoomproducciones.com.ar\/zoomp\/wp-content\/uploads\/2024\/03\/image-78-270x300.png 270w, https:\/\/zoomproducciones.com.ar\/zoomp\/wp-content\/uploads\/2024\/03\/image-78-768x853.png 768w, https:\/\/zoomproducciones.com.ar\/zoomp\/wp-content\/uploads\/2024\/03\/image-78-1382x1536.png 1382w, https:\/\/zoomproducciones.com.ar\/zoomp\/wp-content\/uploads\/2024\/03\/image-78.png 1440w\" sizes=\"auto, (max-width: 922px) 100vw, 922px\" \/><\/a><\/figure>\n\n\n\n<h1 class=\"wp-block-heading\">Qu\u00e9 dijo la mam\u00e1 de Altamirano<\/h1>\n\n\n\n<p>Si bien el jugador se encuentra estable y en buena atenci\u00f3n m\u00e9dica, desde Chile, <strong>su mam\u00e1 pidi\u00f3 ayuda para poder estar cerca de \u00e9l en este momento tan delicado.<\/strong><\/p>\n\n\n\n<p>\u201cSolo s\u00e9 lo que dicen los medios. Estoy esperando que se contacten conmigo para poder viajar a ver a mi hijo.&nbsp;<strong>Lo \u00fanico que necesito ahora es poder viajar lo antes posible<\/strong>\u201d, dijo Diana Vanessa Altamirano Hermosilla en di\u00e1logo con&nbsp;<strong>TN&nbsp;<\/strong>desde Chile.<\/p>\n\n\n\n<p>Respecto de los antecedentes de salud del joven futbolista, fue tajante: \u201cFue su primera convulsi\u00f3n. Jam\u00e1s tuvo otra\u201d.<\/p>\n\n\n\n<p>Diana coment\u00f3 que, en la Argentina, su hijo solo est\u00e1 acompa\u00f1ado de su esposa, que est\u00e1 embarazada. \u201cEst\u00e1n solos ellos dos\u201d, expres\u00f3 y reiter\u00f3 su\u00a0<strong>pedido de ayuda a los dirigentes de Estudiantes para poder viajar.<\/strong><\/p>\n","protected":false},"excerpt":{"rendered":"<p>Tras la convulsi\u00f3n que\u00a0Javier Altamirano\u00a0sufri\u00f3 en el partido de Estudiantes-Boca\u00a0y luego de varios an\u00e1lisis en el Instituto M\u00e9dico Platense, el club public\u00f3 el parte m\u00e9dico del jugador. \u201cLuego de los estudios realizados en el d\u00eda de hoy,\u00a0se determin\u00f3 que la causa de la convulsi\u00f3n sufrida por el jugador fue una trombosis del seno longitudinal superior\u00a0(cerebro).\u00a0Se [&hellip;]<\/p>\n","protected":false},"author":2,"featured_media":13622,"comment_status":"closed","ping_status":"open","sticky":false,"template":"","format":"standard","meta":{"footnotes":""},"categories":[372],"tags":[118,511],"class_list":{"0":"post-13620","1":"post","2":"type-post","3":"status-publish","4":"format-standard","5":"has-post-thumbnail","7":"category-futbol","8":"tag-argentina","9":"tag-bloque-2"},"_links":{"self":[{"href":"https:\/\/zoomproducciones.com.ar\/zoomp\/wp-json\/wp\/v2\/posts\/13620","targetHints":{"allow":["GET"]}}],"collection":[{"href":"https:\/\/zoomproducciones.com.ar\/zoomp\/wp-json\/wp\/v2\/posts"}],"about":[{"href":"https:\/\/zoomproducciones.com.ar\/zoomp\/wp-json\/wp\/v2\/types\/post"}],"author":[{"embeddable":true,"href":"https:\/\/zoomproducciones.com.ar\/zoomp\/wp-json\/wp\/v2\/users\/2"}],"replies":[{"embeddable":true,"href":"https:\/\/zoomproducciones.com.ar\/zoomp\/wp-json\/wp\/v2\/comments?post=13620"}],"version-history":[{"count":1,"href":"https:\/\/zoomproducciones.com.ar\/zoomp\/wp-json\/wp\/v2\/posts\/13620\/revisions"}],"predecessor-version":[{"id":13623,"href":"https:\/\/zoomproducciones.com.ar\/zoomp\/wp-json\/wp\/v2\/posts\/13620\/revisions\/13623"}],"wp:featuredmedia":[{"embeddable":true,"href":"https:\/\/zoomproducciones.com.ar\/zoomp\/wp-json\/wp\/v2\/media\/13622"}],"wp:attachment":[{"href":"https:\/\/zoomproducciones.com.ar\/zoomp\/wp-json\/wp\/v2\/media?parent=13620"}],"wp:term":[{"taxonomy":"category","embeddable":true,"href":"https:\/\/zoomproducciones.com.ar\/zoomp\/wp-json\/wp\/v2\/categories?post=13620"},{"taxonomy":"post_tag","embeddable":true,"href":"https:\/\/zoomproducciones.com.ar\/zoomp\/wp-json\/wp\/v2\/tags?post=13620"}],"curies":[{"name":"wp","href":"https:\/\/api.w.org\/{rel}","templated":true}]}}