{"id":13613,"date":"2024-03-19T09:04:07","date_gmt":"2024-03-19T12:04:07","guid":{"rendered":"http:\/\/zoomproducciones.com.ar\/zoomp\/?p=13613"},"modified":"2024-03-19T09:04:07","modified_gmt":"2024-03-19T12:04:07","slug":"dos-nuevas-renuncias-en-el-gabinete-de-javier-milei","status":"publish","type":"post","link":"https:\/\/zoomproducciones.com.ar\/zoomp\/dos-nuevas-renuncias-en-el-gabinete-de-javier-milei\/","title":{"rendered":"Dos nuevas renuncias en el gabinete de Javier Milei"},"content":{"rendered":"\n<p>Dos funcionarios que hab\u00edan sido objeto de fuertes cr\u00edticas durante la gesti\u00f3n de Javier Milei, Geraldine Calvella y Armando Guibert, han abandonado sus cargos. Calvella, de 23 a\u00f1os, quien estaba a cargo del RENAPER, y Guibert, ex secretario de Transformaci\u00f3n del Estado y Funci\u00f3n P\u00fablica, renunciaron a sus responsabilidades.<\/p>\n\n\n\n<p>Guibert, encargado de la negociaci\u00f3n paritaria con los gremios estatales y responsable de resolver la situaci\u00f3n de los trabajadores temporales, present\u00f3 su renuncia a trav\u00e9s de una carta dirigida al presidente. A sus 75 a\u00f1os e ingeniero industrial, Guibert hab\u00eda llegado al gobierno de la mano del jefe de Gabinete, Nicol\u00e1s Posse. Adem\u00e1s, en diciembre pasado asumi\u00f3 como secretario y en febrero fue nombrado, ad honorem, como uno de los directores del Banco Naci\u00f3n.<\/p>\n\n\n\n<figure class=\"wp-block-image size-full\"><a href=\"http:\/\/zoomproducciones.com.ar\/zoomp\/wp-content\/uploads\/2024\/03\/image-76.png\"><img loading=\"lazy\" decoding=\"async\" width=\"696\" height=\"388\" src=\"http:\/\/zoomproducciones.com.ar\/zoomp\/wp-content\/uploads\/2024\/03\/image-76.png\" alt=\"\" class=\"wp-image-13615\" srcset=\"https:\/\/zoomproducciones.com.ar\/zoomp\/wp-content\/uploads\/2024\/03\/image-76.png 696w, https:\/\/zoomproducciones.com.ar\/zoomp\/wp-content\/uploads\/2024\/03\/image-76-300x167.png 300w\" sizes=\"auto, (max-width: 696px) 100vw, 696px\" \/><\/a><\/figure>\n\n\n\n<p>La pol\u00e9mica por las subas del 48% en los sueldos del presidente, la vicepresidenta, los ministros y secretarios de Estado del gobierno tambi\u00e9n involucr\u00f3 a Guibert, lo que gener\u00f3 controversia en torno a su desempe\u00f1o. <\/p>\n\n\n\n<p>Por otro lado, la designaci\u00f3n de la militante oficialista Geraldine Calvella, de 23 a\u00f1os, al frente de la Direcci\u00f3n de Fiscalizaci\u00f3n de Centros de Documentaci\u00f3n del Registro Nacional de las Personas, gener\u00f3 un intenso debate. Su falta de experiencia laboral y t\u00edtulo universitario fue objeto de fuertes cr\u00edticas, tanto en redes sociales como en varios medios de comunicaci\u00f3n.<\/p>\n\n\n\n<figure class=\"wp-block-image size-full\"><a href=\"http:\/\/zoomproducciones.com.ar\/zoomp\/wp-content\/uploads\/2024\/03\/image-75.png\"><img loading=\"lazy\" decoding=\"async\" width=\"1024\" height=\"683\" src=\"http:\/\/zoomproducciones.com.ar\/zoomp\/wp-content\/uploads\/2024\/03\/image-75.png\" alt=\"\" class=\"wp-image-13614\" srcset=\"https:\/\/zoomproducciones.com.ar\/zoomp\/wp-content\/uploads\/2024\/03\/image-75.png 1024w, https:\/\/zoomproducciones.com.ar\/zoomp\/wp-content\/uploads\/2024\/03\/image-75-300x200.png 300w, https:\/\/zoomproducciones.com.ar\/zoomp\/wp-content\/uploads\/2024\/03\/image-75-768x512.png 768w\" sizes=\"auto, (max-width: 1024px) 100vw, 1024px\" \/><\/a><\/figure>\n\n\n\n<p>Tras la exposici\u00f3n en los medios y las redes sociales, Calvella, oriunda de Saladillo, opt\u00f3 por renunciar a su cargo. Se conoci\u00f3 que hab\u00eda sido designada el 15 de enero con un sueldo bruto de 2.732.002,60 pesos, lo que provoc\u00f3 reacciones negativas incluso entre los seguidores del gobierno, quienes cuestionaron la imagen de austeridad y eficiencia que se intenta proyectar.<\/p>\n","protected":false},"excerpt":{"rendered":"<p>Dos funcionarios que hab\u00edan sido objeto de fuertes cr\u00edticas durante la gesti\u00f3n de Javier Milei, Geraldine Calvella y Armando Guibert, han abandonado sus cargos. Calvella, de 23 a\u00f1os, quien estaba a cargo del RENAPER, y Guibert, ex secretario de Transformaci\u00f3n del Estado y Funci\u00f3n P\u00fablica, renunciaron a sus responsabilidades. Guibert, encargado de la negociaci\u00f3n paritaria [&hellip;]<\/p>\n","protected":false},"author":2,"featured_media":12525,"comment_status":"closed","ping_status":"open","sticky":false,"template":"","format":"standard","meta":{"footnotes":""},"categories":[8],"tags":[118,42],"class_list":{"0":"post-13613","1":"post","2":"type-post","3":"status-publish","4":"format-standard","5":"has-post-thumbnail","7":"category-nacionales","8":"tag-argentina","9":"tag-featured"},"_links":{"self":[{"href":"https:\/\/zoomproducciones.com.ar\/zoomp\/wp-json\/wp\/v2\/posts\/13613","targetHints":{"allow":["GET"]}}],"collection":[{"href":"https:\/\/zoomproducciones.com.ar\/zoomp\/wp-json\/wp\/v2\/posts"}],"about":[{"href":"https:\/\/zoomproducciones.com.ar\/zoomp\/wp-json\/wp\/v2\/types\/post"}],"author":[{"embeddable":true,"href":"https:\/\/zoomproducciones.com.ar\/zoomp\/wp-json\/wp\/v2\/users\/2"}],"replies":[{"embeddable":true,"href":"https:\/\/zoomproducciones.com.ar\/zoomp\/wp-json\/wp\/v2\/comments?post=13613"}],"version-history":[{"count":1,"href":"https:\/\/zoomproducciones.com.ar\/zoomp\/wp-json\/wp\/v2\/posts\/13613\/revisions"}],"predecessor-version":[{"id":13616,"href":"https:\/\/zoomproducciones.com.ar\/zoomp\/wp-json\/wp\/v2\/posts\/13613\/revisions\/13616"}],"wp:featuredmedia":[{"embeddable":true,"href":"https:\/\/zoomproducciones.com.ar\/zoomp\/wp-json\/wp\/v2\/media\/12525"}],"wp:attachment":[{"href":"https:\/\/zoomproducciones.com.ar\/zoomp\/wp-json\/wp\/v2\/media?parent=13613"}],"wp:term":[{"taxonomy":"category","embeddable":true,"href":"https:\/\/zoomproducciones.com.ar\/zoomp\/wp-json\/wp\/v2\/categories?post=13613"},{"taxonomy":"post_tag","embeddable":true,"href":"https:\/\/zoomproducciones.com.ar\/zoomp\/wp-json\/wp\/v2\/tags?post=13613"}],"curies":[{"name":"wp","href":"https:\/\/api.w.org\/{rel}","templated":true}]}}