{"id":13607,"date":"2024-03-18T10:59:25","date_gmt":"2024-03-18T13:59:25","guid":{"rendered":"http:\/\/zoomproducciones.com.ar\/zoomp\/?p=13607"},"modified":"2024-03-19T10:14:26","modified_gmt":"2024-03-19T13:14:26","slug":"asi-sera-la-fiesta-patronal-en-honor-a-nuestro-santo-patrono","status":"publish","type":"post","link":"https:\/\/zoomproducciones.com.ar\/zoomp\/asi-sera-la-fiesta-patronal-en-honor-a-nuestro-santo-patrono\/","title":{"rendered":"As\u00ed ser\u00e1 la Fiesta Patronal en honor a San Jos\u00e9"},"content":{"rendered":"\n<p>El martes 19 de marzo se celebrar\u00e1 la Fiesta Patronal en honor al D\u00eda de San Jos\u00e9, patrono de la ciudad de Paso de los Libres.<\/p>\n\n\n\n<p>La jornada iniciar\u00e1 a las 9:00hs con el Te Deum en la Parroquia San Jos\u00e9, seguido por una caravana en honor al santo a las 10 am. <\/p>\n\n\n\n<p>M\u00e1s tarde, a las 18:00 hs, se llevar\u00e1 a cabo la tradicional procesi\u00f3n, seguida por la Santa Misa a las 19hs, la cual ser\u00e1 presidida por el Obispo Mons Gustavo Montini. <\/p>\n\n\n\n<p>Finalmente, a las 20:30 hs, se realizar\u00e1 un homenaje cultural con destacados artistas.<\/p>\n","protected":false},"excerpt":{"rendered":"<p>El martes 19 de marzo se celebrar\u00e1 la Fiesta Patronal en honor al D\u00eda de San Jos\u00e9, patrono de la ciudad de Paso de los Libres. La jornada iniciar\u00e1 a las 9:00hs con el Te Deum en la Parroquia San Jos\u00e9, seguido por una caravana en honor al santo a las 10 am. M\u00e1s tarde, [&hellip;]<\/p>\n","protected":false},"author":2,"featured_media":13608,"comment_status":"closed","ping_status":"open","sticky":false,"template":"","format":"standard","meta":{"footnotes":""},"categories":[5],"tags":[511,116],"class_list":{"0":"post-13607","1":"post","2":"type-post","3":"status-publish","4":"format-standard","5":"has-post-thumbnail","7":"category-locales","8":"tag-bloque-2","9":"tag-paso-de-los-libres"},"_links":{"self":[{"href":"https:\/\/zoomproducciones.com.ar\/zoomp\/wp-json\/wp\/v2\/posts\/13607","targetHints":{"allow":["GET"]}}],"collection":[{"href":"https:\/\/zoomproducciones.com.ar\/zoomp\/wp-json\/wp\/v2\/posts"}],"about":[{"href":"https:\/\/zoomproducciones.com.ar\/zoomp\/wp-json\/wp\/v2\/types\/post"}],"author":[{"embeddable":true,"href":"https:\/\/zoomproducciones.com.ar\/zoomp\/wp-json\/wp\/v2\/users\/2"}],"replies":[{"embeddable":true,"href":"https:\/\/zoomproducciones.com.ar\/zoomp\/wp-json\/wp\/v2\/comments?post=13607"}],"version-history":[{"count":2,"href":"https:\/\/zoomproducciones.com.ar\/zoomp\/wp-json\/wp\/v2\/posts\/13607\/revisions"}],"predecessor-version":[{"id":13610,"href":"https:\/\/zoomproducciones.com.ar\/zoomp\/wp-json\/wp\/v2\/posts\/13607\/revisions\/13610"}],"wp:featuredmedia":[{"embeddable":true,"href":"https:\/\/zoomproducciones.com.ar\/zoomp\/wp-json\/wp\/v2\/media\/13608"}],"wp:attachment":[{"href":"https:\/\/zoomproducciones.com.ar\/zoomp\/wp-json\/wp\/v2\/media?parent=13607"}],"wp:term":[{"taxonomy":"category","embeddable":true,"href":"https:\/\/zoomproducciones.com.ar\/zoomp\/wp-json\/wp\/v2\/categories?post=13607"},{"taxonomy":"post_tag","embeddable":true,"href":"https:\/\/zoomproducciones.com.ar\/zoomp\/wp-json\/wp\/v2\/tags?post=13607"}],"curies":[{"name":"wp","href":"https:\/\/api.w.org\/{rel}","templated":true}]}}