{"id":11284,"date":"2023-11-06T08:00:12","date_gmt":"2023-11-06T11:00:12","guid":{"rendered":"http:\/\/zoomproducciones.com.ar\/zoomp\/?p=11284"},"modified":"2023-11-06T08:00:13","modified_gmt":"2023-11-06T11:00:13","slug":"almiron-renuncio-como-tecnico-de-boca-juniors","status":"publish","type":"post","link":"https:\/\/zoomproducciones.com.ar\/zoomp\/almiron-renuncio-como-tecnico-de-boca-juniors\/","title":{"rendered":"Almir\u00f3n renunci\u00f3 como t\u00e9cnico de Boca Juniors"},"content":{"rendered":"\n<p>Jorge Almir\u00f3n dej\u00f3 de ser este domingo por la noche el entrenador de Boca tras la derrota ante Fluminense en la final de la Copa Libertadores.<\/p>\n\n\n\n<p>De esta manera, Almir\u00f3n d<strong>ej\u00f3 libre el banco \u00abxeneize\u00bb de un t\u00e9cnico permanente hasta el final de temporada, ya que el pr\u00f3ximo 2 de diciembre habr\u00e1 elecciones en el club y una contrataci\u00f3n a menos de un mes resulta impracticable<\/strong>.<\/p>\n\n\n\n<p>Mariano Herr\u00f3n, campe\u00f3n con la reserva, tomar\u00e1 interinamente al equipo otra vez despu\u00e9s de los dos encuentros que debi\u00f3 dirigir entre la salida de Ibarra y la llegada de Almir\u00f3n. Tendr\u00e1 a Silvio Rudman, campe\u00f3n intercontinental con el sub-20 del club recientemente, como ayudante de campo.<\/p>\n\n\n\n<p>Herr\u00f3n asumi\u00f3 ese primer interinato el 28 de marzo pasado y el 1 de abril dirigi\u00f3 a Boca contra Barracas Central (triunfo 3-0 como local) y luego empat\u00f3 0 a 0 con Monagas, en Venezuela, por Copa Libertadores, y posteriormente cay\u00f3 por 2 a 1 ante Col\u00f3n en la Bombonera.<\/p>\n\n\n\n<p>Almir\u00f3n asumi\u00f3 el 10 de abril pasado y dos d\u00edas despu\u00e9s debut\u00f3 perdiendo con San Lorenzo por 1 a 0 en el Nuevo Gas\u00f3metro, a donde iba a tener que volver justamente el pr\u00f3ximo mi\u00e9rcoles. Digiri\u00f3 al equipo en 43 encuentros, ganando 17, empat\u00f3 13 y perdi\u00f3 esa misma cantidad de encuentros.<\/p>\n","protected":false},"excerpt":{"rendered":"<p>Jorge Almir\u00f3n dej\u00f3 de ser este domingo por la noche el entrenador de Boca tras la derrota ante Fluminense en la final de la Copa Libertadores. De esta manera, Almir\u00f3n dej\u00f3 libre el banco \u00abxeneize\u00bb de un t\u00e9cnico permanente hasta el final de temporada, ya que el pr\u00f3ximo 2 de diciembre habr\u00e1 elecciones en el [&hellip;]<\/p>\n","protected":false},"author":2,"featured_media":0,"comment_status":"closed","ping_status":"open","sticky":false,"template":"","format":"standard","meta":{"footnotes":""},"categories":[372],"tags":[511,458],"class_list":{"0":"post-11284","1":"post","2":"type-post","3":"status-publish","4":"format-standard","6":"category-futbol","7":"tag-bloque-2","8":"tag-deportes"},"_links":{"self":[{"href":"https:\/\/zoomproducciones.com.ar\/zoomp\/wp-json\/wp\/v2\/posts\/11284","targetHints":{"allow":["GET"]}}],"collection":[{"href":"https:\/\/zoomproducciones.com.ar\/zoomp\/wp-json\/wp\/v2\/posts"}],"about":[{"href":"https:\/\/zoomproducciones.com.ar\/zoomp\/wp-json\/wp\/v2\/types\/post"}],"author":[{"embeddable":true,"href":"https:\/\/zoomproducciones.com.ar\/zoomp\/wp-json\/wp\/v2\/users\/2"}],"replies":[{"embeddable":true,"href":"https:\/\/zoomproducciones.com.ar\/zoomp\/wp-json\/wp\/v2\/comments?post=11284"}],"version-history":[{"count":1,"href":"https:\/\/zoomproducciones.com.ar\/zoomp\/wp-json\/wp\/v2\/posts\/11284\/revisions"}],"predecessor-version":[{"id":11287,"href":"https:\/\/zoomproducciones.com.ar\/zoomp\/wp-json\/wp\/v2\/posts\/11284\/revisions\/11287"}],"wp:attachment":[{"href":"https:\/\/zoomproducciones.com.ar\/zoomp\/wp-json\/wp\/v2\/media?parent=11284"}],"wp:term":[{"taxonomy":"category","embeddable":true,"href":"https:\/\/zoomproducciones.com.ar\/zoomp\/wp-json\/wp\/v2\/categories?post=11284"},{"taxonomy":"post_tag","embeddable":true,"href":"https:\/\/zoomproducciones.com.ar\/zoomp\/wp-json\/wp\/v2\/tags?post=11284"}],"curies":[{"name":"wp","href":"https:\/\/api.w.org\/{rel}","templated":true}]}}