{"id":11275,"date":"2023-11-06T07:33:28","date_gmt":"2023-11-06T10:33:28","guid":{"rendered":"http:\/\/zoomproducciones.com.ar\/zoomp\/?p=11275"},"modified":"2023-11-06T07:56:51","modified_gmt":"2023-11-06T10:56:51","slug":"el-fmi-investigara-la-fuga-de-capitales-del-prestamo-tomado-por-mauricio-macri","status":"publish","type":"post","link":"https:\/\/zoomproducciones.com.ar\/zoomp\/el-fmi-investigara-la-fuga-de-capitales-del-prestamo-tomado-por-mauricio-macri\/","title":{"rendered":"El FMI investigar\u00e1 la fuga de capitales del pr\u00e9stamo tomado por Mauricio Macri"},"content":{"rendered":"\n<p>El ministro de Econom\u00eda y candidato presidencial de Uni\u00f3n por la Patria (UxP), Sergio Massa, anticip\u00f3 en una entrevista que a fines de noviembre el FMI comenzar\u00e1 \u00abla investigaci\u00f3n sobre la fuga de capitales del pr\u00e9stamo de 2018\u00bb tomado por el gobierno de Mauricio Macri, que \u00ab<strong>no se us\u00f3 para escuelas sino para financiar pagos a fondos de inversi\u00f3n<\/strong>\u00ab.<\/p>\n\n\n\n<p>As\u00ed lo anunci\u00f3 Massa en una entrevista para LN+, donde indic\u00f3 que el organismo mandar\u00e1 \u00ab<strong>una comisi\u00f3n a la Argentina que va a hacer una revisi\u00f3n sobre el 66% que, seg\u00fan la AGN (Auditor\u00eda General de la Naci\u00f3n), no se us\u00f3 para financiar hospitales, escuelas ni para resolver la estabilidad econ\u00f3mica, sino para financiar el pago a fondos de inversi\u00f3n\u00bb<\/strong>.<\/p>\n\n\n\n<p>Adem\u00e1s, el ministro record\u00f3 que en \u00ab<strong>diciembre del 2022, el Fondo Monetario Internacional quiso que paremos el gasoducto (N\u00e9stor Kirchner) y le dijimos que no\u00bb.<\/strong><\/p>\n\n\n\n<figure class=\"wp-block-image size-large\"><a href=\"http:\/\/zoomproducciones.com.ar\/zoomp\/wp-content\/uploads\/2023\/11\/image-7.png\"><img decoding=\"async\" src=\"http:\/\/zoomproducciones.com.ar\/zoomp\/wp-content\/uploads\/2023\/11\/image-7-1024x576.png\" alt=\"\" class=\"wp-image-11276\"\/><\/a><\/figure>\n\n\n\n<p>\u00abEl documento de 2022 del FMI dec\u00eda que deje de gastar en obra p\u00fablica y lo rechazamos porque dentro de eso estaba la inversi\u00f3n en el gasoducto, que se financi\u00f3 con parte del impuesto pa\u00eds\u00bb, subray\u00f3.<\/p>\n\n\n\n<p>Adem\u00e1s, afirm\u00f3 que&nbsp;<strong>\u00abno va a haber una devaluaci\u00f3n despu\u00e9s del balotaje porque hay establecido un acuerdo con el FMI que prev\u00e9 que el 15 de noviembre empieza el crawl\u00bb<\/strong>.<\/p>\n\n\n\n<p>\u00ab<strong>Los argentinos merecen saber si vamos a vivir en un pa\u00eds donde se venden o no los \u00f3rganos, donde la educaci\u00f3n es p\u00fablica, gratuita y de calidad o es paga, y merecen saber si van a tener una megadevaluaci\u00f3n el 10 de diciembre o no<\/strong>\u00ab, asever\u00f3 el ministro al criticar las propuestas de su contrincante en el balotaje el 19 de noviembre.<\/p>\n\n\n\n<p>Al respecto, se\u00f1al\u00f3 que \u00abest\u00e1 instalado\u00bb que Milei va a ser \u00abun t\u00edtere de (el exmandatario Mauricio) Macri\u00bb y subray\u00f3 que Uni\u00f3n por la Patria no tiene ese problema: \u00abEl presidente voy a ser yo\u00bb.<\/p>\n\n\n\n<p>T\u00e9lam.<\/p>\n\n\n\n<p><\/p>\n","protected":false},"excerpt":{"rendered":"<p>El ministro de Econom\u00eda y candidato presidencial de Uni\u00f3n por la Patria (UxP), Sergio Massa, anticip\u00f3 en una entrevista que a fines de noviembre el FMI comenzar\u00e1 \u00abla investigaci\u00f3n sobre la fuga de capitales del pr\u00e9stamo de 2018\u00bb tomado por el gobierno de Mauricio Macri, que \u00abno se us\u00f3 para escuelas sino para financiar pagos [&hellip;]<\/p>\n","protected":false},"author":2,"featured_media":0,"comment_status":"closed","ping_status":"open","sticky":false,"template":"","format":"standard","meta":{"footnotes":""},"categories":[8],"tags":[118,42],"class_list":{"0":"post-11275","1":"post","2":"type-post","3":"status-publish","4":"format-standard","6":"category-nacionales","7":"tag-argentina","8":"tag-featured"},"_links":{"self":[{"href":"https:\/\/zoomproducciones.com.ar\/zoomp\/wp-json\/wp\/v2\/posts\/11275","targetHints":{"allow":["GET"]}}],"collection":[{"href":"https:\/\/zoomproducciones.com.ar\/zoomp\/wp-json\/wp\/v2\/posts"}],"about":[{"href":"https:\/\/zoomproducciones.com.ar\/zoomp\/wp-json\/wp\/v2\/types\/post"}],"author":[{"embeddable":true,"href":"https:\/\/zoomproducciones.com.ar\/zoomp\/wp-json\/wp\/v2\/users\/2"}],"replies":[{"embeddable":true,"href":"https:\/\/zoomproducciones.com.ar\/zoomp\/wp-json\/wp\/v2\/comments?post=11275"}],"version-history":[{"count":2,"href":"https:\/\/zoomproducciones.com.ar\/zoomp\/wp-json\/wp\/v2\/posts\/11275\/revisions"}],"predecessor-version":[{"id":11285,"href":"https:\/\/zoomproducciones.com.ar\/zoomp\/wp-json\/wp\/v2\/posts\/11275\/revisions\/11285"}],"wp:attachment":[{"href":"https:\/\/zoomproducciones.com.ar\/zoomp\/wp-json\/wp\/v2\/media?parent=11275"}],"wp:term":[{"taxonomy":"category","embeddable":true,"href":"https:\/\/zoomproducciones.com.ar\/zoomp\/wp-json\/wp\/v2\/categories?post=11275"},{"taxonomy":"post_tag","embeddable":true,"href":"https:\/\/zoomproducciones.com.ar\/zoomp\/wp-json\/wp\/v2\/tags?post=11275"}],"curies":[{"name":"wp","href":"https:\/\/api.w.org\/{rel}","templated":true}]}}