{"id":11221,"date":"2023-11-02T07:44:51","date_gmt":"2023-11-02T10:44:51","guid":{"rendered":"http:\/\/zoomproducciones.com.ar\/zoomp\/?p=11221"},"modified":"2023-11-02T07:44:51","modified_gmt":"2023-11-02T10:44:51","slug":"banco-provincia-cerrado-por-el-asueto-administrativo","status":"publish","type":"post","link":"https:\/\/zoomproducciones.com.ar\/zoomp\/banco-provincia-cerrado-por-el-asueto-administrativo\/","title":{"rendered":"Banco Provincia cerrado por el asueto administrativo"},"content":{"rendered":"\n<p>El Gobierno de Corrientes decret\u00f3 la semana pasada que este jueves 2 de noviembre ser\u00e1 asueto administrativo con\u00a0motivo de conmemorarse el D\u00eda de los Fieles Difuntos.<\/p>\n\n\n\n<p>Lo estableci\u00f3 a trav\u00e9s del decreto N\u00b0 2727.\u00a0<\/p>\n\n\n\n<p>Por este motivo el Banco Provincia permanecer\u00e1 cerrado durante la jornada. Recordamos que la medida alcanza a todos los trabajadores de la administraci\u00f3n p\u00fablica \u00abcon excepci\u00f3n en las \u00e1reas de Salud, Seguridad, el Instituto de Cardiolog\u00eda y la Direcci\u00f3n Provincia de Energ\u00eda de Corrientes (Dpec)\u00bb.<\/p>\n","protected":false},"excerpt":{"rendered":"<p>El Gobierno de Corrientes decret\u00f3 la semana pasada que este jueves 2 de noviembre ser\u00e1 asueto administrativo con\u00a0motivo de conmemorarse el D\u00eda de los Fieles Difuntos. Lo estableci\u00f3 a trav\u00e9s del decreto N\u00b0 2727.\u00a0 Por este motivo el Banco Provincia permanecer\u00e1 cerrado durante la jornada. Recordamos que la medida alcanza a todos los trabajadores de [&hellip;]<\/p>\n","protected":false},"author":2,"featured_media":0,"comment_status":"closed","ping_status":"open","sticky":false,"template":"","format":"standard","meta":{"footnotes":""},"categories":[5],"tags":[42,116],"class_list":{"0":"post-11221","1":"post","2":"type-post","3":"status-publish","4":"format-standard","6":"category-locales","7":"tag-featured","8":"tag-paso-de-los-libres"},"_links":{"self":[{"href":"https:\/\/zoomproducciones.com.ar\/zoomp\/wp-json\/wp\/v2\/posts\/11221","targetHints":{"allow":["GET"]}}],"collection":[{"href":"https:\/\/zoomproducciones.com.ar\/zoomp\/wp-json\/wp\/v2\/posts"}],"about":[{"href":"https:\/\/zoomproducciones.com.ar\/zoomp\/wp-json\/wp\/v2\/types\/post"}],"author":[{"embeddable":true,"href":"https:\/\/zoomproducciones.com.ar\/zoomp\/wp-json\/wp\/v2\/users\/2"}],"replies":[{"embeddable":true,"href":"https:\/\/zoomproducciones.com.ar\/zoomp\/wp-json\/wp\/v2\/comments?post=11221"}],"version-history":[{"count":1,"href":"https:\/\/zoomproducciones.com.ar\/zoomp\/wp-json\/wp\/v2\/posts\/11221\/revisions"}],"predecessor-version":[{"id":11224,"href":"https:\/\/zoomproducciones.com.ar\/zoomp\/wp-json\/wp\/v2\/posts\/11221\/revisions\/11224"}],"wp:attachment":[{"href":"https:\/\/zoomproducciones.com.ar\/zoomp\/wp-json\/wp\/v2\/media?parent=11221"}],"wp:term":[{"taxonomy":"category","embeddable":true,"href":"https:\/\/zoomproducciones.com.ar\/zoomp\/wp-json\/wp\/v2\/categories?post=11221"},{"taxonomy":"post_tag","embeddable":true,"href":"https:\/\/zoomproducciones.com.ar\/zoomp\/wp-json\/wp\/v2\/tags?post=11221"}],"curies":[{"name":"wp","href":"https:\/\/api.w.org\/{rel}","templated":true}]}}