{"id":11217,"date":"2023-11-02T07:20:05","date_gmt":"2023-11-02T10:20:05","guid":{"rendered":"http:\/\/zoomproducciones.com.ar\/zoomp\/?p=11217"},"modified":"2023-11-02T07:20:06","modified_gmt":"2023-11-02T10:20:06","slug":"alerta-amarilla-en-paso-de-los-libres-por-tormentas-2","status":"publish","type":"post","link":"https:\/\/zoomproducciones.com.ar\/zoomp\/alerta-amarilla-en-paso-de-los-libres-por-tormentas-2\/","title":{"rendered":"Alerta amarilla en Paso de los Libres por tormentas"},"content":{"rendered":"\n<p>El Servicio Meteorol\u00f3gico Nacional indica una nueva alerta en la ciudad libre\u00f1a como as\u00ed tambi\u00e9n para General Alvear, Santo Tom\u00e9 y San Mart\u00edn. <\/p>\n\n\n\n<p>El organismo se\u00f1al\u00f3 que las tormentas est\u00e1n previstas para toda la jornada de este jueves en Paso de los Libres. Los porcentajes de probabilidad m\u00e1s altos se esperan para la tarde.<\/p>\n\n\n\n<figure class=\"wp-block-image size-full\"><a href=\"http:\/\/zoomproducciones.com.ar\/zoomp\/wp-content\/uploads\/2023\/11\/image-5.png\"><img decoding=\"async\" src=\"http:\/\/zoomproducciones.com.ar\/zoomp\/wp-content\/uploads\/2023\/11\/image-5.png\" alt=\"\" class=\"wp-image-11218\"\/><\/a><\/figure>\n\n\n\n<p>La temperatura m\u00ednima ser\u00e1 de 16\u00b0C y la m\u00e1xima de 21\u00b0C; la humedad es del 84% y se esperan vientos provenientes del este y el sudoeste hasta de 31 km\/h. <\/p>\n","protected":false},"excerpt":{"rendered":"<p>El Servicio Meteorol\u00f3gico Nacional indica una nueva alerta en la ciudad libre\u00f1a como as\u00ed tambi\u00e9n para General Alvear, Santo Tom\u00e9 y San Mart\u00edn. El organismo se\u00f1al\u00f3 que las tormentas est\u00e1n previstas para toda la jornada de este jueves en Paso de los Libres. Los porcentajes de probabilidad m\u00e1s altos se esperan para la tarde. La [&hellip;]<\/p>\n","protected":false},"author":2,"featured_media":0,"comment_status":"closed","ping_status":"open","sticky":false,"template":"","format":"standard","meta":{"footnotes":""},"categories":[5],"tags":[42,116],"class_list":{"0":"post-11217","1":"post","2":"type-post","3":"status-publish","4":"format-standard","6":"category-locales","7":"tag-featured","8":"tag-paso-de-los-libres"},"_links":{"self":[{"href":"https:\/\/zoomproducciones.com.ar\/zoomp\/wp-json\/wp\/v2\/posts\/11217","targetHints":{"allow":["GET"]}}],"collection":[{"href":"https:\/\/zoomproducciones.com.ar\/zoomp\/wp-json\/wp\/v2\/posts"}],"about":[{"href":"https:\/\/zoomproducciones.com.ar\/zoomp\/wp-json\/wp\/v2\/types\/post"}],"author":[{"embeddable":true,"href":"https:\/\/zoomproducciones.com.ar\/zoomp\/wp-json\/wp\/v2\/users\/2"}],"replies":[{"embeddable":true,"href":"https:\/\/zoomproducciones.com.ar\/zoomp\/wp-json\/wp\/v2\/comments?post=11217"}],"version-history":[{"count":1,"href":"https:\/\/zoomproducciones.com.ar\/zoomp\/wp-json\/wp\/v2\/posts\/11217\/revisions"}],"predecessor-version":[{"id":11219,"href":"https:\/\/zoomproducciones.com.ar\/zoomp\/wp-json\/wp\/v2\/posts\/11217\/revisions\/11219"}],"wp:attachment":[{"href":"https:\/\/zoomproducciones.com.ar\/zoomp\/wp-json\/wp\/v2\/media?parent=11217"}],"wp:term":[{"taxonomy":"category","embeddable":true,"href":"https:\/\/zoomproducciones.com.ar\/zoomp\/wp-json\/wp\/v2\/categories?post=11217"},{"taxonomy":"post_tag","embeddable":true,"href":"https:\/\/zoomproducciones.com.ar\/zoomp\/wp-json\/wp\/v2\/tags?post=11217"}],"curies":[{"name":"wp","href":"https:\/\/api.w.org\/{rel}","templated":true}]}}