{"id":11207,"date":"2023-11-01T20:43:32","date_gmt":"2023-11-01T23:43:32","guid":{"rendered":"http:\/\/zoomproducciones.com.ar\/zoomp\/?p=11207"},"modified":"2023-11-01T23:54:06","modified_gmt":"2023-11-02T02:54:06","slug":"libres-tres-personas-fueron-detenidas-por-distintos-robos-en-la-ciudad","status":"publish","type":"post","link":"https:\/\/zoomproducciones.com.ar\/zoomp\/libres-tres-personas-fueron-detenidas-por-distintos-robos-en-la-ciudad\/","title":{"rendered":"Libres: tres personas fueron detenidas por distintos robos en la ciudad"},"content":{"rendered":"\n<p>La Polic\u00eda de Corrientes confirm\u00f3 al menos tres detenciones en los \u00faltimos dos d\u00edas a causa de distintos robos de objetos materiales en la ciudad de Paso de los Libres. <\/p>\n\n\n\n<p>Este lunes 30\/10, personal policial de la Comisaria Primera pudo dar con un el autor de un robo realizado el pasado 10 de octubre en zona de calle Brasil, precisamente en una Peluquer\u00eda de la zona. El ladr\u00f3n habr\u00eda sustra\u00eddo elementos de peluquer\u00eda, entre ellos un cortador de pelo, tijeras y secador. <\/p>\n\n\n\n<p>Los mismos pudieron ser recuperados tras haber sido entregados en forma voluntaria por una mujer, quien los habr\u00eda comprado supuestamente de la persona aprehendida. <\/p>\n\n\n\n<p>El joven detenido tiene 23 a\u00f1os y es apodado \u00bbEl Gordo\u00bb.<\/p>\n\n\n\n<iframe loading=\"lazy\" src=\"https:\/\/www.facebook.com\/plugins\/post.php?href=https%3A%2F%2Fwww.facebook.com%2Fpermalink.php%3Fstory_fbid%3Dpfbid02bDGQzQpwwUpcHnzKPxPf9Rd1NVAVBpZeji1VwWWNUnmjBBebmYTWcjTNk4ENFPgZl%26id%3D100085270121045&#038;show_text=true&#038;width=500\" width=\"500\" height=\"825\" style=\"border:none;overflow:hidden\" scrolling=\"no\" frameborder=\"0\" allowfullscreen=\"true\" allow=\"autoplay; clipboard-write; encrypted-media; picture-in-picture; web-share\"><\/iframe>\n\n\n\n<p>Por otro lado, este martes se realiz\u00f3 un allanamiento en una vivienda de calle Tucum\u00e1n, donde se detuvo a una persona acusado de haber ingresado a una casa por calle Mitre y robado un televisor de 43\u00bb y una notebook. <\/p>\n\n\n\n<p>Tras el operativo, la TV pudo ser recuperada y se puso a disposici\u00f3n del Fiscal de turno. A la vez se procedi\u00f3 a la identificaci\u00f3n del autor del hecho, siendo \u00e9ste una persona mayor de edad del cual ya se registraron varios hechos delictivo en sus antecedentes. <\/p>\n\n\n\n<iframe loading=\"lazy\" src=\"https:\/\/www.facebook.com\/plugins\/post.php?href=https%3A%2F%2Fwww.facebook.com%2Fpermalink.php%3Fstory_fbid%3Dpfbid0y7vjPg4tx6fguPkWAsxFC76uCS6G6Zh3o31GX2LvDBf3AE9LY1YaYE7YHqXTTpcdl%26id%3D100085270121045&#038;show_text=true&#038;width=500\" width=\"500\" height=\"615\" style=\"border:none;overflow:hidden\" scrolling=\"no\" frameborder=\"0\" allowfullscreen=\"true\" allow=\"autoplay; clipboard-write; encrypted-media; picture-in-picture; web-share\"><\/iframe>\n\n\n\n<p>En la misma jornada se detuvo a otro hombre, de 32 a\u00f1os, por el supuesto robo de herramientas. El hombre es apodado como \u00bbYoni\u00bb y habr\u00eda hurtado un aparejo con cadena y una caja de llaves tubos, elementos que fueron secuestrados y puestos a disposici\u00f3n del Juez. <\/p>\n\n\n\n<iframe loading=\"lazy\" src=\"https:\/\/www.facebook.com\/plugins\/post.php?href=https%3A%2F%2Fwww.facebook.com%2Fpermalink.php%3Fstory_fbid%3Dpfbid02kdeKj88JjXBKfTP9r65ohMR53z1TLopafcsSVLfM7WHXyBdspJ9jcFWPa3nkoZ4Rl%26id%3D100085270121045&#038;show_text=true&#038;width=500\" width=\"500\" height=\"250\" style=\"border:none;overflow:hidden\" scrolling=\"no\" frameborder=\"0\" allowfullscreen=\"true\" allow=\"autoplay; clipboard-write; encrypted-media; picture-in-picture; web-share\"><\/iframe>\n","protected":false},"excerpt":{"rendered":"<p>La Polic\u00eda de Corrientes confirm\u00f3 al menos tres detenciones en los \u00faltimos dos d\u00edas a causa de distintos robos de objetos materiales en la ciudad de Paso de los Libres. Este lunes 30\/10, personal policial de la Comisaria Primera pudo dar con un el autor de un robo realizado el pasado 10 de octubre en [&hellip;]<\/p>\n","protected":false},"author":2,"featured_media":0,"comment_status":"closed","ping_status":"open","sticky":false,"template":"","format":"standard","meta":{"footnotes":""},"categories":[5],"tags":[42,116],"class_list":{"0":"post-11207","1":"post","2":"type-post","3":"status-publish","4":"format-standard","6":"category-locales","7":"tag-featured","8":"tag-paso-de-los-libres"},"_links":{"self":[{"href":"https:\/\/zoomproducciones.com.ar\/zoomp\/wp-json\/wp\/v2\/posts\/11207","targetHints":{"allow":["GET"]}}],"collection":[{"href":"https:\/\/zoomproducciones.com.ar\/zoomp\/wp-json\/wp\/v2\/posts"}],"about":[{"href":"https:\/\/zoomproducciones.com.ar\/zoomp\/wp-json\/wp\/v2\/types\/post"}],"author":[{"embeddable":true,"href":"https:\/\/zoomproducciones.com.ar\/zoomp\/wp-json\/wp\/v2\/users\/2"}],"replies":[{"embeddable":true,"href":"https:\/\/zoomproducciones.com.ar\/zoomp\/wp-json\/wp\/v2\/comments?post=11207"}],"version-history":[{"count":2,"href":"https:\/\/zoomproducciones.com.ar\/zoomp\/wp-json\/wp\/v2\/posts\/11207\/revisions"}],"predecessor-version":[{"id":11216,"href":"https:\/\/zoomproducciones.com.ar\/zoomp\/wp-json\/wp\/v2\/posts\/11207\/revisions\/11216"}],"wp:attachment":[{"href":"https:\/\/zoomproducciones.com.ar\/zoomp\/wp-json\/wp\/v2\/media?parent=11207"}],"wp:term":[{"taxonomy":"category","embeddable":true,"href":"https:\/\/zoomproducciones.com.ar\/zoomp\/wp-json\/wp\/v2\/categories?post=11207"},{"taxonomy":"post_tag","embeddable":true,"href":"https:\/\/zoomproducciones.com.ar\/zoomp\/wp-json\/wp\/v2\/tags?post=11207"}],"curies":[{"name":"wp","href":"https:\/\/api.w.org\/{rel}","templated":true}]}}