{"id":11200,"date":"2023-11-01T20:08:32","date_gmt":"2023-11-01T23:08:32","guid":{"rendered":"http:\/\/zoomproducciones.com.ar\/zoomp\/?p=11200"},"modified":"2023-11-01T20:10:52","modified_gmt":"2023-11-01T23:10:52","slug":"sergio-massa-en-contra-de-un-mercado-de-organos-la-vida-no-tiene-precio","status":"publish","type":"post","link":"https:\/\/zoomproducciones.com.ar\/zoomp\/sergio-massa-en-contra-de-un-mercado-de-organos-la-vida-no-tiene-precio\/","title":{"rendered":"Sergio Massa en contra de un mercado de \u00f3rganos: \u00bbla vida no tiene precio\u00bb"},"content":{"rendered":"\n<p>El ministro de Econom\u00eda y candidato presidencial de Uni\u00f3n por la Patria (UxP), Sergio Massa, advirti\u00f3 que \u00abla vida no tiene precio\u00bb, al cuestionar <a href=\"http:\/\/zoomproducciones.com.ar\/zoomp\/una-diputada-de-javier-milei-defendio-la-idea-de-un-mercado-de-organos\/\">las \u00faltimas declaraciones de la diputada electa de La Libertad Avanza (LLA) Diana Mondino<\/a>, quien hab\u00eda definido a un supuesto mercado de \u00f3rganos como \u00abfant\u00e1stico\u00bb.<\/p>\n\n\n\n<p>\u00abYo no creo en la venta de \u00f3rganos, no es un mercado m\u00e1s. La vida no tiene precio\u00bb, expres\u00f3 Massa desde sus redes sociales.<\/p>\n\n\n\n<blockquote class=\"twitter-tweet\"><p lang=\"es\" dir=\"ltr\">Yo no creo en la venta de \u00f3rganos, no es un mercado m\u00e1s. La vida no tiene precio. <a href=\"https:\/\/t.co\/3O3Ci5BZGW\">pic.twitter.com\/3O3Ci5BZGW<\/a><\/p>&mdash; Sergio Massa (@SergioMassa) <a href=\"https:\/\/twitter.com\/SergioMassa\/status\/1719822033234583571?ref_src=twsrc%5Etfw\">November 1, 2023<\/a><\/blockquote> <script async src=\"https:\/\/platform.twitter.com\/widgets.js\" charset=\"utf-8\"><\/script>\n\n\n\n<p>La diputada electa explic\u00f3 que defienden la idea de implementar un mercado de \u00f3rganos. \u201d\u00bfQu\u00e9 es el mercado de \u00f3rganos?&nbsp;<strong>Vos necesit\u00e1s un ri\u00f1\u00f3n, y no hay nadie de tu c\u00edrculo \u00edntimo que sea compatible con vos, o que te lo pueda y quiera donar.&nbsp; A lo mejor hay alguien que es compatible, que te lo quiera donar\u201d.<\/strong>&nbsp;<\/p>\n\n\n\n<p>Qui\u00e9n tambi\u00e9n hizo menci\u00f3n al tema fue <strong>Ezequiel Lo Cane, pap\u00e1 de Justina<\/strong>, la ni\u00f1a fallecida por la cual en 2018 se hizo una ley que dispone que cualquier ciudadano puede ser donante. Lo Cane asegur\u00f3 que&nbsp;<strong>\u00abla donaci\u00f3n de \u00f3rganos es una cuesti\u00f3n de amor\u00bb<\/strong>.<\/p>\n\n\n\n<figure class=\"wp-block-image size-full\"><a href=\"http:\/\/zoomproducciones.com.ar\/zoomp\/wp-content\/uploads\/2023\/11\/image-1.png\"><img decoding=\"async\" src=\"http:\/\/zoomproducciones.com.ar\/zoomp\/wp-content\/uploads\/2023\/11\/image-1.png\" alt=\"\" class=\"wp-image-11201\"\/><\/a><\/figure>\n\n\n\n<p>\u00abEn la vida hay criterios que uno usa de acuerdo a la decisi\u00f3n que va a tomar, por eso la donaci\u00f3n de \u00f3rganos es una cuesti\u00f3n de amor. Es un&nbsp;<strong>acto de amor que ayuda a trascender a las personas<\/strong>, a encontrarle un valor hermoso y maravilloso, a poder&nbsp;<strong>darle vida a otras personas que ni siquiera conoc\u00e9s<\/strong>\u00bb expres\u00f3.<\/p>\n\n\n\n<figure class=\"wp-block-image size-large\"><a href=\"http:\/\/zoomproducciones.com.ar\/zoomp\/wp-content\/uploads\/2023\/11\/image-2.png\"><img decoding=\"async\" src=\"http:\/\/zoomproducciones.com.ar\/zoomp\/wp-content\/uploads\/2023\/11\/image-2-1024x576.png\" alt=\"\" class=\"wp-image-11202\"\/><\/a><\/figure>\n\n\n\n<p>Lo Cane sostuvo que \u00abel sistema de donaci\u00f3n funciona mejor a\u00f1o tras a\u00f1o aunque siempre hay cosas para mejorar\u00bb y record\u00f3 que a partir la&nbsp;<strong>Ley Justina, que se aprob\u00f3 2018, \u00abse gener\u00f3 en ese mismo a\u00f1o r\u00e9cords de donaci\u00f3n y de trasplante, y para 2019 aument\u00f3 un 60% el trasplante<\/strong>\u00ab.<\/p>\n","protected":false},"excerpt":{"rendered":"<p>El ministro de Econom\u00eda y candidato presidencial de Uni\u00f3n por la Patria (UxP), Sergio Massa, advirti\u00f3 que \u00abla vida no tiene precio\u00bb, al cuestionar las \u00faltimas declaraciones de la diputada electa de La Libertad Avanza (LLA) Diana Mondino, quien hab\u00eda definido a un supuesto mercado de \u00f3rganos como \u00abfant\u00e1stico\u00bb. \u00abYo no creo en la venta [&hellip;]<\/p>\n","protected":false},"author":2,"featured_media":0,"comment_status":"closed","ping_status":"open","sticky":false,"template":"","format":"standard","meta":{"footnotes":""},"categories":[8],"tags":[118,511],"class_list":{"0":"post-11200","1":"post","2":"type-post","3":"status-publish","4":"format-standard","6":"category-nacionales","7":"tag-argentina","8":"tag-bloque-2"},"_links":{"self":[{"href":"https:\/\/zoomproducciones.com.ar\/zoomp\/wp-json\/wp\/v2\/posts\/11200","targetHints":{"allow":["GET"]}}],"collection":[{"href":"https:\/\/zoomproducciones.com.ar\/zoomp\/wp-json\/wp\/v2\/posts"}],"about":[{"href":"https:\/\/zoomproducciones.com.ar\/zoomp\/wp-json\/wp\/v2\/types\/post"}],"author":[{"embeddable":true,"href":"https:\/\/zoomproducciones.com.ar\/zoomp\/wp-json\/wp\/v2\/users\/2"}],"replies":[{"embeddable":true,"href":"https:\/\/zoomproducciones.com.ar\/zoomp\/wp-json\/wp\/v2\/comments?post=11200"}],"version-history":[{"count":2,"href":"https:\/\/zoomproducciones.com.ar\/zoomp\/wp-json\/wp\/v2\/posts\/11200\/revisions"}],"predecessor-version":[{"id":11206,"href":"https:\/\/zoomproducciones.com.ar\/zoomp\/wp-json\/wp\/v2\/posts\/11200\/revisions\/11206"}],"wp:attachment":[{"href":"https:\/\/zoomproducciones.com.ar\/zoomp\/wp-json\/wp\/v2\/media?parent=11200"}],"wp:term":[{"taxonomy":"category","embeddable":true,"href":"https:\/\/zoomproducciones.com.ar\/zoomp\/wp-json\/wp\/v2\/categories?post=11200"},{"taxonomy":"post_tag","embeddable":true,"href":"https:\/\/zoomproducciones.com.ar\/zoomp\/wp-json\/wp\/v2\/tags?post=11200"}],"curies":[{"name":"wp","href":"https:\/\/api.w.org\/{rel}","templated":true}]}}