{"id":10917,"date":"2023-10-24T11:34:59","date_gmt":"2023-10-24T14:34:59","guid":{"rendered":"http:\/\/zoomproducciones.com.ar\/zoomp\/?p=10917"},"modified":"2023-10-24T11:52:33","modified_gmt":"2023-10-24T14:52:33","slug":"se-cerro-el-transito-de-los-puentes-de-arroyo-la-despedida","status":"publish","type":"post","link":"https:\/\/zoomproducciones.com.ar\/zoomp\/se-cerro-el-transito-de-los-puentes-de-arroyo-la-despedida\/","title":{"rendered":"Se cerr\u00f3 el tr\u00e1nsito de los puentes de arroyo La Despedida"},"content":{"rendered":"\n<p>La Direcci\u00f3n de Tr\u00e1nsito del Municipio de Paso de los Libres acaba de comunicar que se realiz\u00f3 el cierre al tr\u00e1nsito vehicular en calle Col\u00f3n, 5ta secci\u00f3n Ombucito, a la altura del puente del arroyo \u00abLa Despedida\u00bb y el puente correspondiente a calle Maestro Melogno.<\/p>\n\n\n\n<p>Motiva el cierre de los puentes la creciente del r\u00edo Uruguay y sus efectos en los arroyos de la ciudad, c\u00f3mo ser el \u00abYatay\u00bb y \u00abLa Despedida\u00bb. En este caso, el agua ya ha invadido la calzada en ambas calles.<\/p>\n\n\n\n<p>En el comunicado, emitido a trav\u00e9s del Municipio, se ruega a conductores y peatones respetar las indicaciones del personal para evitar accidentes.<\/p>\n","protected":false},"excerpt":{"rendered":"<p>La Direcci\u00f3n de Tr\u00e1nsito del Municipio de Paso de los Libres acaba de comunicar que se realiz\u00f3 el cierre al tr\u00e1nsito vehicular en calle Col\u00f3n, 5ta secci\u00f3n Ombucito, a la altura del puente del arroyo \u00abLa Despedida\u00bb y el puente correspondiente a calle Maestro Melogno. Motiva el cierre de los puentes la creciente del r\u00edo [&hellip;]<\/p>\n","protected":false},"author":2,"featured_media":0,"comment_status":"closed","ping_status":"open","sticky":false,"template":"","format":"standard","meta":{"footnotes":""},"categories":[5],"tags":[42],"class_list":{"0":"post-10917","1":"post","2":"type-post","3":"status-publish","4":"format-standard","6":"category-locales","7":"tag-featured"},"_links":{"self":[{"href":"https:\/\/zoomproducciones.com.ar\/zoomp\/wp-json\/wp\/v2\/posts\/10917","targetHints":{"allow":["GET"]}}],"collection":[{"href":"https:\/\/zoomproducciones.com.ar\/zoomp\/wp-json\/wp\/v2\/posts"}],"about":[{"href":"https:\/\/zoomproducciones.com.ar\/zoomp\/wp-json\/wp\/v2\/types\/post"}],"author":[{"embeddable":true,"href":"https:\/\/zoomproducciones.com.ar\/zoomp\/wp-json\/wp\/v2\/users\/2"}],"replies":[{"embeddable":true,"href":"https:\/\/zoomproducciones.com.ar\/zoomp\/wp-json\/wp\/v2\/comments?post=10917"}],"version-history":[{"count":4,"href":"https:\/\/zoomproducciones.com.ar\/zoomp\/wp-json\/wp\/v2\/posts\/10917\/revisions"}],"predecessor-version":[{"id":10923,"href":"https:\/\/zoomproducciones.com.ar\/zoomp\/wp-json\/wp\/v2\/posts\/10917\/revisions\/10923"}],"wp:attachment":[{"href":"https:\/\/zoomproducciones.com.ar\/zoomp\/wp-json\/wp\/v2\/media?parent=10917"}],"wp:term":[{"taxonomy":"category","embeddable":true,"href":"https:\/\/zoomproducciones.com.ar\/zoomp\/wp-json\/wp\/v2\/categories?post=10917"},{"taxonomy":"post_tag","embeddable":true,"href":"https:\/\/zoomproducciones.com.ar\/zoomp\/wp-json\/wp\/v2\/tags?post=10917"}],"curies":[{"name":"wp","href":"https:\/\/api.w.org\/{rel}","templated":true}]}}