{"id":10914,"date":"2023-10-24T10:37:53","date_gmt":"2023-10-24T13:37:53","guid":{"rendered":"http:\/\/zoomproducciones.com.ar\/zoomp\/?p=10914"},"modified":"2023-10-24T10:37:53","modified_gmt":"2023-10-24T13:37:53","slug":"los-principales-nombres-de-jxc-se-reuniran-para-definir-que-postura-tomar-ante-el-ballotage","status":"publish","type":"post","link":"https:\/\/zoomproducciones.com.ar\/zoomp\/los-principales-nombres-de-jxc-se-reuniran-para-definir-que-postura-tomar-ante-el-ballotage\/","title":{"rendered":"Los principales nombres de JxC se reunir\u00e1n para definir qu\u00e9 postura tomar ante el ballotage"},"content":{"rendered":"\n<p>Los principales referentes del PRO se reunir\u00e1n este mi\u00e9rcoles en medio del<strong>\u00a0fuerte debate interno en la coalici\u00f3n Juntos por el Cambio (JXC) tras la derrota en las elecciones<\/strong>\u00a0del domingo pasado\u00a0y ante la incertidumbre de lo que definir\u00e1n de cara al ballotage.<\/p>\n\n\n\n<p>En principio, el encuentro iba a realizarse esta ma\u00f1ana en la sede del PRO, ubicada en la calle Balcarce 412, del barrio porte\u00f1o de San Telmo, pero finalmente el c\u00f3nclave&nbsp;<strong>se reprogram\u00f3 para el mi\u00e9rcoles<\/strong>.<\/p>\n\n\n\n<p>Estar\u00e1n presentes la excandidata presidencial Patricia Bullrich, el expresidente Mauricio Macri, el jefe de Gobierno porte\u00f1o, Horacio Rodr\u00edguez Larreta, y la exgobernadora bonaerense Mar\u00eda Eugenia Vidal, entre otros.<\/p>\n\n\n\n<p>En ese marco, los principales dirigentes del PRO -uno de los integrantes de JxC- debatir\u00e1n acerca de&nbsp;<strong>qu\u00e9 postura tomar rumbo al balotaje del 19 de noviembre<\/strong>.<\/p>\n\n\n\n<p>Al margen de la discusi\u00f3n m\u00e1s profunda sobre si el espacio seguir\u00e1 unido o se dividir\u00e1, la principal coalici\u00f3n opositora tiene una cuesti\u00f3n m\u00e1s urgente que resolver:&nbsp;<strong>definir si brinda su apoyo expl\u00edcito a Milei o deja a sus votantes en libertad de acci\u00f3n<\/strong>.<\/p>\n\n\n\n<p>El primer partido de JxC en dar su postura oficial al respecto fue el lunes la\u00a0<strong>Coalici\u00f3n C\u00edvica (de Elisa Carri\u00f3)<\/strong>, al anunciar que\u00a0<strong>no respaldar\u00e1 \u00abni a (Sergio) Massa ni a (Javier) Milei\u00bb<\/strong>\u00a0ya que \u00abproponen gobiernos irresponsables basados en imposibilidades morales y pol\u00edticas y pacto de impunidad\u00bb.<\/p>\n\n\n\n<p>\u00abLos votos los deciden los ciudadanos y ejercer\u00e1n este derecho con total libertad\u00bb, pero manifestaron que como miembros de JxC trabajar\u00e1n \u00abpara mantener y fortalecer la unidad\u00bb.<\/p>\n","protected":false},"excerpt":{"rendered":"<p>Los principales referentes del PRO se reunir\u00e1n este mi\u00e9rcoles en medio del\u00a0fuerte debate interno en la coalici\u00f3n Juntos por el Cambio (JXC) tras la derrota en las elecciones\u00a0del domingo pasado\u00a0y ante la incertidumbre de lo que definir\u00e1n de cara al ballotage. En principio, el encuentro iba a realizarse esta ma\u00f1ana en la sede del PRO, [&hellip;]<\/p>\n","protected":false},"author":2,"featured_media":0,"comment_status":"closed","ping_status":"open","sticky":false,"template":"","format":"standard","meta":{"footnotes":""},"categories":[8],"tags":[118,511],"class_list":{"0":"post-10914","1":"post","2":"type-post","3":"status-publish","4":"format-standard","6":"category-nacionales","7":"tag-argentina","8":"tag-bloque-2"},"_links":{"self":[{"href":"https:\/\/zoomproducciones.com.ar\/zoomp\/wp-json\/wp\/v2\/posts\/10914","targetHints":{"allow":["GET"]}}],"collection":[{"href":"https:\/\/zoomproducciones.com.ar\/zoomp\/wp-json\/wp\/v2\/posts"}],"about":[{"href":"https:\/\/zoomproducciones.com.ar\/zoomp\/wp-json\/wp\/v2\/types\/post"}],"author":[{"embeddable":true,"href":"https:\/\/zoomproducciones.com.ar\/zoomp\/wp-json\/wp\/v2\/users\/2"}],"replies":[{"embeddable":true,"href":"https:\/\/zoomproducciones.com.ar\/zoomp\/wp-json\/wp\/v2\/comments?post=10914"}],"version-history":[{"count":1,"href":"https:\/\/zoomproducciones.com.ar\/zoomp\/wp-json\/wp\/v2\/posts\/10914\/revisions"}],"predecessor-version":[{"id":10916,"href":"https:\/\/zoomproducciones.com.ar\/zoomp\/wp-json\/wp\/v2\/posts\/10914\/revisions\/10916"}],"wp:attachment":[{"href":"https:\/\/zoomproducciones.com.ar\/zoomp\/wp-json\/wp\/v2\/media?parent=10914"}],"wp:term":[{"taxonomy":"category","embeddable":true,"href":"https:\/\/zoomproducciones.com.ar\/zoomp\/wp-json\/wp\/v2\/categories?post=10914"},{"taxonomy":"post_tag","embeddable":true,"href":"https:\/\/zoomproducciones.com.ar\/zoomp\/wp-json\/wp\/v2\/tags?post=10914"}],"curies":[{"name":"wp","href":"https:\/\/api.w.org\/{rel}","templated":true}]}}