{"id":10902,"date":"2023-10-24T09:37:48","date_gmt":"2023-10-24T12:37:48","guid":{"rendered":"http:\/\/zoomproducciones.com.ar\/zoomp\/?p=10902"},"modified":"2023-10-24T09:48:10","modified_gmt":"2023-10-24T12:48:10","slug":"murio-el-cantante-ricardo-iorio-a-sus-61-anos","status":"publish","type":"post","link":"https:\/\/zoomproducciones.com.ar\/zoomp\/murio-el-cantante-ricardo-iorio-a-sus-61-anos\/","title":{"rendered":"Muri\u00f3 el cantante Ricardo Iorio a sus 61 a\u00f1os"},"content":{"rendered":"\n<p>El artista habr\u00eda fallecido mientras era trasladado de urgencia al hospital de Coronel Su\u00e1rez producto de un paro card\u00edaco, seg\u00fan inform\u00f3 su abogado, Juan Vitalini. <\/p>\n\n\n\n<p>El vocalista deja un gran legado art\u00edstico, ya que\u00a0fue fundador de bandas como Almafuerte, V8 y Herm\u00e9tica, m\u00e1s all\u00e1 de su destacada carrera como solista. Sus letras y canciones lo ubican como una de las figuras para importantes para el\u00a0heavy metal\u00a0en la m\u00fasica local.<\/p>\n\n\n\n<p>Vitalini habl\u00f3 con la radio mencionada y revel\u00f3:&nbsp;\u00abFue en la ambulancia efectivamente,&nbsp;<strong>empez\u00f3 a sentirse mal en la casa, le dol\u00eda el pecho, se acost\u00f3, llamaron a la ambulancia y falleci\u00f3 en el trayecto<\/strong>\u00ab.<\/p>\n\n\n\n<p>La triste noticia gener\u00f3 un gran impacto en el ambiente musical, como se pudo ver en las redes sociales. Uno de los que se expres\u00f3 tras\u00a0conocerse la muerte de Ricardo Iorio\u00a0fue\u00a0Juanchi Baleiron\u00a0de Los Pericos se expres\u00f3 en Twitter y\u00a0mencion\u00f3 que \u00aben noviembre iba a grabar el disco nuevo\u00bb, el cual iba a producir, por lo que estaba en contacto constante con \u00e9l.<\/p>\n\n\n\n<p>Su \u00faltima presentaci\u00f3n en vivo la realiz\u00f3 el pasado 14 de octubre, cuando cant\u00f3 en el Anfiteatro Municipal de Rosario, tal como marca la \u00faltima publicaci\u00f3n en su perfil de Instagram.<\/p>\n\n\n\n<p>Ricardo Iorio\u00a0naci\u00f3 el 25 de junio de 1962. Se cri\u00f3 en Caseros y comenz\u00f3 su carrera como bajista en la banda V8. En 1988, form\u00f3 Herm\u00e9tica y en 1995 fund\u00f3 la banda Almafuerte. En 2016, anunci\u00f3 su disoluci\u00f3n.\u00a0Hizo un total de 17 \u00e1lbumes, que incluyeron grandes canciones que quedaron en la memoria de los fan\u00e1ticos de la m\u00fasica local.<\/p>\n","protected":false},"excerpt":{"rendered":"<p>El artista habr\u00eda fallecido mientras era trasladado de urgencia al hospital de Coronel Su\u00e1rez producto de un paro card\u00edaco, seg\u00fan inform\u00f3 su abogado, Juan Vitalini. El vocalista deja un gran legado art\u00edstico, ya que\u00a0fue fundador de bandas como Almafuerte, V8 y Herm\u00e9tica, m\u00e1s all\u00e1 de su destacada carrera como solista. Sus letras y canciones lo [&hellip;]<\/p>\n","protected":false},"author":2,"featured_media":0,"comment_status":"closed","ping_status":"open","sticky":false,"template":"","format":"standard","meta":{"footnotes":""},"categories":[6],"tags":[511],"class_list":{"0":"post-10902","1":"post","2":"type-post","3":"status-publish","4":"format-standard","6":"category-infogral","7":"tag-bloque-2"},"_links":{"self":[{"href":"https:\/\/zoomproducciones.com.ar\/zoomp\/wp-json\/wp\/v2\/posts\/10902","targetHints":{"allow":["GET"]}}],"collection":[{"href":"https:\/\/zoomproducciones.com.ar\/zoomp\/wp-json\/wp\/v2\/posts"}],"about":[{"href":"https:\/\/zoomproducciones.com.ar\/zoomp\/wp-json\/wp\/v2\/types\/post"}],"author":[{"embeddable":true,"href":"https:\/\/zoomproducciones.com.ar\/zoomp\/wp-json\/wp\/v2\/users\/2"}],"replies":[{"embeddable":true,"href":"https:\/\/zoomproducciones.com.ar\/zoomp\/wp-json\/wp\/v2\/comments?post=10902"}],"version-history":[{"count":4,"href":"https:\/\/zoomproducciones.com.ar\/zoomp\/wp-json\/wp\/v2\/posts\/10902\/revisions"}],"predecessor-version":[{"id":10913,"href":"https:\/\/zoomproducciones.com.ar\/zoomp\/wp-json\/wp\/v2\/posts\/10902\/revisions\/10913"}],"wp:attachment":[{"href":"https:\/\/zoomproducciones.com.ar\/zoomp\/wp-json\/wp\/v2\/media?parent=10902"}],"wp:term":[{"taxonomy":"category","embeddable":true,"href":"https:\/\/zoomproducciones.com.ar\/zoomp\/wp-json\/wp\/v2\/categories?post=10902"},{"taxonomy":"post_tag","embeddable":true,"href":"https:\/\/zoomproducciones.com.ar\/zoomp\/wp-json\/wp\/v2\/tags?post=10902"}],"curies":[{"name":"wp","href":"https:\/\/api.w.org\/{rel}","templated":true}]}}