{"id":10860,"date":"2023-10-22T21:53:38","date_gmt":"2023-10-23T00:53:38","guid":{"rendered":"http:\/\/zoomproducciones.com.ar\/zoomp\/?p=10860"},"modified":"2023-10-22T21:53:38","modified_gmt":"2023-10-23T00:53:38","slug":"sergio-massa-gano-las-elecciones-e-ira-al-ballotage-contra-javier-milei","status":"publish","type":"post","link":"https:\/\/zoomproducciones.com.ar\/zoomp\/sergio-massa-gano-las-elecciones-e-ira-al-ballotage-contra-javier-milei\/","title":{"rendered":"Sergio Massa gan\u00f3 las elecciones e ir\u00e1 al ballotage contra Javier Milei"},"content":{"rendered":"\n<p>El ministro de Econom\u00eda y el libertario se enfrentar\u00e1n el 19 de noviembre en la segunda vuelta; se escrut\u00f3 m\u00e1s del 85,73% de las mesas en todo el pa\u00eds; Patricia Bullrich, tercera<\/p>\n\n\n\n<p><strong>Sergio Massa<\/strong>\u00a0(Uni\u00f3n por la Patria) y\u00a0<strong>Javier Milei<\/strong>\u00a0(La Libertad Avanza) definir\u00e1n el 19 de noviembre, en un\u00a0<strong>ballottage<\/strong>, qui\u00e9n ser\u00e1 el pr\u00f3ximo presidente de la Argentina. Con m\u00e1s del 85% de las mesas escrutadas, el ministro de Econom\u00eda gana con el 36% mientras que el libertario obtiene un 30%. <\/p>\n\n\n\n<p>En tercer lugar, con 23% qued\u00f3\u00a0<strong>Patricia Bullrich<\/strong>\u00a0(Juntos por el Cambio). M\u00e1s atr\u00e1s, quedaron\u00a0<strong>Juan Schiaretti\u00a0<\/strong>(Hacemos por Nuestro Pa\u00eds), con 7%, y\u00a0<strong>Myriam Bregma<\/strong>n (Frente de Izquierda), con 2,6%.<\/p>\n\n\n\n<p>Tambi\u00e9n se defini\u00f3 hoy la decisiva gobernaci\u00f3n de la provincia de Buenos Aires, donde\u00a0<strong>Axel Kicillof<\/strong>\u00a0logra con comodidad su reelecci\u00f3n con el 45% ante los desaf\u00edos de\u00a0<strong>N\u00e9stor Grindetti<\/strong>\u00a0y\u00a0<strong>Carolina P\u00edparo<\/strong>.\u00a0<\/p>\n","protected":false},"excerpt":{"rendered":"<p>El ministro de Econom\u00eda y el libertario se enfrentar\u00e1n el 19 de noviembre en la segunda vuelta; se escrut\u00f3 m\u00e1s del 85,73% de las mesas en todo el pa\u00eds; Patricia Bullrich, tercera Sergio Massa\u00a0(Uni\u00f3n por la Patria) y\u00a0Javier Milei\u00a0(La Libertad Avanza) definir\u00e1n el 19 de noviembre, en un\u00a0ballottage, qui\u00e9n ser\u00e1 el pr\u00f3ximo presidente de la [&hellip;]<\/p>\n","protected":false},"author":2,"featured_media":0,"comment_status":"closed","ping_status":"open","sticky":false,"template":"","format":"standard","meta":{"footnotes":""},"categories":[8],"tags":[118,42],"class_list":{"0":"post-10860","1":"post","2":"type-post","3":"status-publish","4":"format-standard","6":"category-nacionales","7":"tag-argentina","8":"tag-featured"},"_links":{"self":[{"href":"https:\/\/zoomproducciones.com.ar\/zoomp\/wp-json\/wp\/v2\/posts\/10860","targetHints":{"allow":["GET"]}}],"collection":[{"href":"https:\/\/zoomproducciones.com.ar\/zoomp\/wp-json\/wp\/v2\/posts"}],"about":[{"href":"https:\/\/zoomproducciones.com.ar\/zoomp\/wp-json\/wp\/v2\/types\/post"}],"author":[{"embeddable":true,"href":"https:\/\/zoomproducciones.com.ar\/zoomp\/wp-json\/wp\/v2\/users\/2"}],"replies":[{"embeddable":true,"href":"https:\/\/zoomproducciones.com.ar\/zoomp\/wp-json\/wp\/v2\/comments?post=10860"}],"version-history":[{"count":1,"href":"https:\/\/zoomproducciones.com.ar\/zoomp\/wp-json\/wp\/v2\/posts\/10860\/revisions"}],"predecessor-version":[{"id":10862,"href":"https:\/\/zoomproducciones.com.ar\/zoomp\/wp-json\/wp\/v2\/posts\/10860\/revisions\/10862"}],"wp:attachment":[{"href":"https:\/\/zoomproducciones.com.ar\/zoomp\/wp-json\/wp\/v2\/media?parent=10860"}],"wp:term":[{"taxonomy":"category","embeddable":true,"href":"https:\/\/zoomproducciones.com.ar\/zoomp\/wp-json\/wp\/v2\/categories?post=10860"},{"taxonomy":"post_tag","embeddable":true,"href":"https:\/\/zoomproducciones.com.ar\/zoomp\/wp-json\/wp\/v2\/tags?post=10860"}],"curies":[{"name":"wp","href":"https:\/\/api.w.org\/{rel}","templated":true}]}}