{"id":10857,"date":"2023-10-22T21:45:31","date_gmt":"2023-10-23T00:45:31","guid":{"rendered":"http:\/\/zoomproducciones.com.ar\/zoomp\/?p=10857"},"modified":"2023-10-22T21:45:32","modified_gmt":"2023-10-23T00:45:32","slug":"sergio-massa-gano-en-corrientes-capital","status":"publish","type":"post","link":"https:\/\/zoomproducciones.com.ar\/zoomp\/sergio-massa-gano-en-corrientes-capital\/","title":{"rendered":"Sergio Massa gan\u00f3 en Corrientes Capital"},"content":{"rendered":"\n<p>El frente Uni\u00f3n por la Patria (UxP), con Sergio Massa como candidato a Presidente, gan\u00f3 en la provincia de Corrientes, con el 36,83 por ciento de los votos; dejando segundo a Patricia Bullrich de Juntos por el Cambio (JxC) en segundo lugar, con 32,33 y tercero a Javier Milei, de La Libertad Avanza, con 27,03. As\u00ed surge del escrutinio provisorio, con 95,09 por ciento de las mesas escrutadas.<\/p>\n\n\n\n<p>En cuarto lugar en Corrientes qued\u00f3 Juan Schiaretti, con 2,74 por ciento y quinta, Myriam Bregman, con 1,05.<\/p>\n\n\n\n<p>\u00abGanamos Corrientes\u00bb public\u00f3 el frente que llev\u00f3 como candidato presidencial a Sergio Massa en Instagram, agradeciendo a la militancia \u00abpor la militancia y la defensa de votos\u00bb.<\/p>\n\n\n\n<p>\u00abGracias por confiar en el camino que proponemos, gracias por confiar en nuestros candidatos y candidatas, en Sergio y Agust\u00edn\u00bb, plante\u00f3 la publicaci\u00f3n.<\/p>\n\n\n\n<p>Adem\u00e1s, confirmaron que ganaron dos bancas diputados nacionales y un parlamentario del Mercosor. \u00abCon Nancy (Sand) y Christian (Zulli) en el Congreso y Y\u00e9sica (Taborda) en el Parlasur est\u00e1 asegurado el progreso y el crecimiento para Corrientes y para el Pa\u00eds\u00bb.<\/p>\n\n\n\n<p>El Libertador.<\/p>\n","protected":false},"excerpt":{"rendered":"<p>El frente Uni\u00f3n por la Patria (UxP), con Sergio Massa como candidato a Presidente, gan\u00f3 en la provincia de Corrientes, con el 36,83 por ciento de los votos; dejando segundo a Patricia Bullrich de Juntos por el Cambio (JxC) en segundo lugar, con 32,33 y tercero a Javier Milei, de La Libertad Avanza, con 27,03. [&hellip;]<\/p>\n","protected":false},"author":2,"featured_media":0,"comment_status":"closed","ping_status":"open","sticky":false,"template":"","format":"standard","meta":{"footnotes":""},"categories":[5],"tags":[125,42],"class_list":{"0":"post-10857","1":"post","2":"type-post","3":"status-publish","4":"format-standard","6":"category-locales","7":"tag-corrientes","8":"tag-featured"},"_links":{"self":[{"href":"https:\/\/zoomproducciones.com.ar\/zoomp\/wp-json\/wp\/v2\/posts\/10857","targetHints":{"allow":["GET"]}}],"collection":[{"href":"https:\/\/zoomproducciones.com.ar\/zoomp\/wp-json\/wp\/v2\/posts"}],"about":[{"href":"https:\/\/zoomproducciones.com.ar\/zoomp\/wp-json\/wp\/v2\/types\/post"}],"author":[{"embeddable":true,"href":"https:\/\/zoomproducciones.com.ar\/zoomp\/wp-json\/wp\/v2\/users\/2"}],"replies":[{"embeddable":true,"href":"https:\/\/zoomproducciones.com.ar\/zoomp\/wp-json\/wp\/v2\/comments?post=10857"}],"version-history":[{"count":1,"href":"https:\/\/zoomproducciones.com.ar\/zoomp\/wp-json\/wp\/v2\/posts\/10857\/revisions"}],"predecessor-version":[{"id":10859,"href":"https:\/\/zoomproducciones.com.ar\/zoomp\/wp-json\/wp\/v2\/posts\/10857\/revisions\/10859"}],"wp:attachment":[{"href":"https:\/\/zoomproducciones.com.ar\/zoomp\/wp-json\/wp\/v2\/media?parent=10857"}],"wp:term":[{"taxonomy":"category","embeddable":true,"href":"https:\/\/zoomproducciones.com.ar\/zoomp\/wp-json\/wp\/v2\/categories?post=10857"},{"taxonomy":"post_tag","embeddable":true,"href":"https:\/\/zoomproducciones.com.ar\/zoomp\/wp-json\/wp\/v2\/tags?post=10857"}],"curies":[{"name":"wp","href":"https:\/\/api.w.org\/{rel}","templated":true}]}}