{"id":10853,"date":"2023-10-22T21:41:41","date_gmt":"2023-10-23T00:41:41","guid":{"rendered":"http:\/\/zoomproducciones.com.ar\/zoomp\/?p=10853"},"modified":"2023-10-22T21:42:04","modified_gmt":"2023-10-23T00:42:04","slug":"libres-la-lista-de-uxp-gano-en-la-ciudad-y-coloca-tres-candidatos-en-el-concejo","status":"publish","type":"post","link":"https:\/\/zoomproducciones.com.ar\/zoomp\/libres-la-lista-de-uxp-gano-en-la-ciudad-y-coloca-tres-candidatos-en-el-concejo\/","title":{"rendered":"Libres: la lista de UxP gan\u00f3 en la ciudad y coloca tres candidatos en el Concejo"},"content":{"rendered":"\n<p>La lista de Sergio Massa, Uni\u00f3n por la Patria, gan\u00f3 en Paso de los Libres y de esta manera el oficialismo incluir\u00e1 tres bancas nuevas en el Concejo Deliberante a partir de diciembre. <\/p>\n\n\n\n<p>Miguel Arias, Adriana Fern\u00e1ndez y C\u00e9sar Bares ser\u00e1n los nuevos representantes de UxP. A pesar de estar re\u00f1ido, todo indicar\u00eda que Betiana Fad\u00f3n quedar\u00eda fuera de las incorporaciones.<\/p>\n\n\n\n<p>ECO + Juntos por el Cambio sumar\u00e1 a Tania Bonpland y F\u00e9lix Barboza, junto con la concejala Ana Mi\u00f1o qui\u00e9n, seg\u00fan los n\u00fameros a nivel provincial, perdi\u00f3 su chance como candidata a Parlamentaria del MERCOSUR. <\/p>\n\n\n\n<p>Por otro lado, La Libertad Avanza ser\u00e1 representada por Pablo Vera. <\/p>\n","protected":false},"excerpt":{"rendered":"<p>La lista de Sergio Massa, Uni\u00f3n por la Patria, gan\u00f3 en Paso de los Libres y de esta manera el oficialismo incluir\u00e1 tres bancas nuevas en el Concejo Deliberante a partir de diciembre. Miguel Arias, Adriana Fern\u00e1ndez y C\u00e9sar Bares ser\u00e1n los nuevos representantes de UxP. A pesar de estar re\u00f1ido, todo indicar\u00eda que Betiana [&hellip;]<\/p>\n","protected":false},"author":2,"featured_media":0,"comment_status":"closed","ping_status":"open","sticky":false,"template":"","format":"standard","meta":{"footnotes":""},"categories":[5],"tags":[42,116],"class_list":{"0":"post-10853","1":"post","2":"type-post","3":"status-publish","4":"format-standard","6":"category-locales","7":"tag-featured","8":"tag-paso-de-los-libres"},"_links":{"self":[{"href":"https:\/\/zoomproducciones.com.ar\/zoomp\/wp-json\/wp\/v2\/posts\/10853","targetHints":{"allow":["GET"]}}],"collection":[{"href":"https:\/\/zoomproducciones.com.ar\/zoomp\/wp-json\/wp\/v2\/posts"}],"about":[{"href":"https:\/\/zoomproducciones.com.ar\/zoomp\/wp-json\/wp\/v2\/types\/post"}],"author":[{"embeddable":true,"href":"https:\/\/zoomproducciones.com.ar\/zoomp\/wp-json\/wp\/v2\/users\/2"}],"replies":[{"embeddable":true,"href":"https:\/\/zoomproducciones.com.ar\/zoomp\/wp-json\/wp\/v2\/comments?post=10853"}],"version-history":[{"count":1,"href":"https:\/\/zoomproducciones.com.ar\/zoomp\/wp-json\/wp\/v2\/posts\/10853\/revisions"}],"predecessor-version":[{"id":10855,"href":"https:\/\/zoomproducciones.com.ar\/zoomp\/wp-json\/wp\/v2\/posts\/10853\/revisions\/10855"}],"wp:attachment":[{"href":"https:\/\/zoomproducciones.com.ar\/zoomp\/wp-json\/wp\/v2\/media?parent=10853"}],"wp:term":[{"taxonomy":"category","embeddable":true,"href":"https:\/\/zoomproducciones.com.ar\/zoomp\/wp-json\/wp\/v2\/categories?post=10853"},{"taxonomy":"post_tag","embeddable":true,"href":"https:\/\/zoomproducciones.com.ar\/zoomp\/wp-json\/wp\/v2\/tags?post=10853"}],"curies":[{"name":"wp","href":"https:\/\/api.w.org\/{rel}","templated":true}]}}