{"id":10841,"date":"2023-10-22T20:40:02","date_gmt":"2023-10-22T23:40:02","guid":{"rendered":"http:\/\/zoomproducciones.com.ar\/zoomp\/?p=10841"},"modified":"2023-10-22T20:57:47","modified_gmt":"2023-10-22T23:57:47","slug":"todo-indicaria-que-habria-una-segunda-vuelta","status":"publish","type":"post","link":"https:\/\/zoomproducciones.com.ar\/zoomp\/todo-indicaria-que-habria-una-segunda-vuelta\/","title":{"rendered":"Todo indicar\u00eda que habr\u00eda una segunda vuelta"},"content":{"rendered":"\n<p>Las elecciones generales, en las que unos 35 millones de argentinos pudieron elegir un nuevo Gobierno en una compulsa entre cinco candidatos presidenciales, se desarrollaron con normalidad y a las 18 ya hab\u00eda votado el 74% del padr\u00f3n electoral.<\/p>\n\n\n\n<p>El asesor del candidato presidencial de La Libertad Avanza (LLA) Javier Milei y eventual ministro de Interior,&nbsp;<strong>Guillermo Francos<\/strong>, expres\u00f3 este domingo que&nbsp;<strong>\u00absiempre\u00bb pensaron en la posibilidad de \u00abuna segunda vuelta\u00bb<\/strong>, al tiempo que el&nbsp;dirigente del PRO y exsenador&nbsp;<strong>Federico Pinedo<\/strong>&nbsp;tambi\u00e9n anticip\u00f3 que va a \u00ab<strong>haber segunda vuelta\u00bb&nbsp;<\/strong>y que la elecci\u00f3n<strong>&nbsp;\u00abse va a ganar por un voto\u00bb.<\/strong><\/p>\n\n\n\n<p>Francos asegur\u00f3 en una conferencia de prensa desde el b\u00fanker:&nbsp;<strong>\u00abNadie pens\u00f3 en ganar en primera vuelta. Siempre pensamos en que haya una segunda vuelta\u201d<\/strong>.<\/p>\n\n\n\n<p>Sobre el proceso electoral, indic\u00f3: \u00abNo hay datos concretos y no vamos a dar datos. El proceso se desarroll\u00f3 con normalidad. Ha habido trapisondas que se pueden hacer y hemos hecho denuncias en la justicia\u201d.<\/p>\n\n\n\n<p>Por otro lado, todav\u00eda sin datos oficiales, Uni\u00f3n por la Patria (UP) olfatea una buena elecci\u00f3n de&nbsp;<strong>Sergio Massa<\/strong>&nbsp;y una segunda vuelta contra&nbsp;<strong>Javier Milei<\/strong>. Desde temprano, los alrededores del b\u00fanker oficialista comenzaron a poblarse de militantes, a la espera de un discurso del candidato peronista, previsto para el cierre de la jornada.&nbsp;<\/p>\n\n\n\n<p><\/p>\n","protected":false},"excerpt":{"rendered":"<p>Las elecciones generales, en las que unos 35 millones de argentinos pudieron elegir un nuevo Gobierno en una compulsa entre cinco candidatos presidenciales, se desarrollaron con normalidad y a las 18 ya hab\u00eda votado el 74% del padr\u00f3n electoral. El asesor del candidato presidencial de La Libertad Avanza (LLA) Javier Milei y eventual ministro de [&hellip;]<\/p>\n","protected":false},"author":2,"featured_media":0,"comment_status":"closed","ping_status":"open","sticky":false,"template":"","format":"standard","meta":{"footnotes":""},"categories":[8],"tags":[118,42],"class_list":{"0":"post-10841","1":"post","2":"type-post","3":"status-publish","4":"format-standard","6":"category-nacionales","7":"tag-argentina","8":"tag-featured"},"_links":{"self":[{"href":"https:\/\/zoomproducciones.com.ar\/zoomp\/wp-json\/wp\/v2\/posts\/10841","targetHints":{"allow":["GET"]}}],"collection":[{"href":"https:\/\/zoomproducciones.com.ar\/zoomp\/wp-json\/wp\/v2\/posts"}],"about":[{"href":"https:\/\/zoomproducciones.com.ar\/zoomp\/wp-json\/wp\/v2\/types\/post"}],"author":[{"embeddable":true,"href":"https:\/\/zoomproducciones.com.ar\/zoomp\/wp-json\/wp\/v2\/users\/2"}],"replies":[{"embeddable":true,"href":"https:\/\/zoomproducciones.com.ar\/zoomp\/wp-json\/wp\/v2\/comments?post=10841"}],"version-history":[{"count":2,"href":"https:\/\/zoomproducciones.com.ar\/zoomp\/wp-json\/wp\/v2\/posts\/10841\/revisions"}],"predecessor-version":[{"id":10852,"href":"https:\/\/zoomproducciones.com.ar\/zoomp\/wp-json\/wp\/v2\/posts\/10841\/revisions\/10852"}],"wp:attachment":[{"href":"https:\/\/zoomproducciones.com.ar\/zoomp\/wp-json\/wp\/v2\/media?parent=10841"}],"wp:term":[{"taxonomy":"category","embeddable":true,"href":"https:\/\/zoomproducciones.com.ar\/zoomp\/wp-json\/wp\/v2\/categories?post=10841"},{"taxonomy":"post_tag","embeddable":true,"href":"https:\/\/zoomproducciones.com.ar\/zoomp\/wp-json\/wp\/v2\/tags?post=10841"}],"curies":[{"name":"wp","href":"https:\/\/api.w.org\/{rel}","templated":true}]}}