{"id":10835,"date":"2023-10-22T19:34:24","date_gmt":"2023-10-22T22:34:24","guid":{"rendered":"http:\/\/zoomproducciones.com.ar\/zoomp\/?p=10835"},"modified":"2023-10-22T19:34:25","modified_gmt":"2023-10-22T22:34:25","slug":"elecciones-en-corrientes-voto-el-73-del-padron","status":"publish","type":"post","link":"https:\/\/zoomproducciones.com.ar\/zoomp\/elecciones-en-corrientes-voto-el-73-del-padron\/","title":{"rendered":"Elecciones en Corrientes: vot\u00f3 el 73% del padr\u00f3n"},"content":{"rendered":"\n<p>M\u00e1s del 73% del padr\u00f3n, de 933.441 electores posibles, emiti\u00f3 su voto en la provincia. En Corrientes los ciudadanos pod\u00edan elegir entre candidatos a Presidente como tambi\u00e9n concejales en localidades como Paso de los Libres. <\/p>\n\n\n\n<p>Los comicios \u00abse desarrollaron bien, con normalidad, pero con mucha lluvia que ha complicado un poco en el centro y sur de la provincia\u00bb, inform\u00f3 a las 18 a T\u00e9lam el secretario Electoral del Juzgado Federal de Corrientes, Juan Jos\u00e9 Ferreyra.<\/p>\n\n\n\n<p>Asimismo, explic\u00f3 que el \u00faltimo reporte arroj\u00f3 un nivel de participaci\u00f3n del 73,40 por ciento del padr\u00f3n electoral de la provincia, n\u00famero que super\u00f3 al registrado en las PASO del 13 de agosto.<\/p>\n\n\n\n<p> <\/p>\n","protected":false},"excerpt":{"rendered":"<p>M\u00e1s del 73% del padr\u00f3n, de 933.441 electores posibles, emiti\u00f3 su voto en la provincia. En Corrientes los ciudadanos pod\u00edan elegir entre candidatos a Presidente como tambi\u00e9n concejales en localidades como Paso de los Libres. Los comicios \u00abse desarrollaron bien, con normalidad, pero con mucha lluvia que ha complicado un poco en el centro y [&hellip;]<\/p>\n","protected":false},"author":2,"featured_media":0,"comment_status":"closed","ping_status":"open","sticky":false,"template":"","format":"standard","meta":{"footnotes":""},"categories":[3],"tags":[511,125],"class_list":{"0":"post-10835","1":"post","2":"type-post","3":"status-publish","4":"format-standard","6":"category-provinciales","7":"tag-bloque-2","8":"tag-corrientes"},"_links":{"self":[{"href":"https:\/\/zoomproducciones.com.ar\/zoomp\/wp-json\/wp\/v2\/posts\/10835","targetHints":{"allow":["GET"]}}],"collection":[{"href":"https:\/\/zoomproducciones.com.ar\/zoomp\/wp-json\/wp\/v2\/posts"}],"about":[{"href":"https:\/\/zoomproducciones.com.ar\/zoomp\/wp-json\/wp\/v2\/types\/post"}],"author":[{"embeddable":true,"href":"https:\/\/zoomproducciones.com.ar\/zoomp\/wp-json\/wp\/v2\/users\/2"}],"replies":[{"embeddable":true,"href":"https:\/\/zoomproducciones.com.ar\/zoomp\/wp-json\/wp\/v2\/comments?post=10835"}],"version-history":[{"count":1,"href":"https:\/\/zoomproducciones.com.ar\/zoomp\/wp-json\/wp\/v2\/posts\/10835\/revisions"}],"predecessor-version":[{"id":10836,"href":"https:\/\/zoomproducciones.com.ar\/zoomp\/wp-json\/wp\/v2\/posts\/10835\/revisions\/10836"}],"wp:attachment":[{"href":"https:\/\/zoomproducciones.com.ar\/zoomp\/wp-json\/wp\/v2\/media?parent=10835"}],"wp:term":[{"taxonomy":"category","embeddable":true,"href":"https:\/\/zoomproducciones.com.ar\/zoomp\/wp-json\/wp\/v2\/categories?post=10835"},{"taxonomy":"post_tag","embeddable":true,"href":"https:\/\/zoomproducciones.com.ar\/zoomp\/wp-json\/wp\/v2\/tags?post=10835"}],"curies":[{"name":"wp","href":"https:\/\/api.w.org\/{rel}","templated":true}]}}