{"id":10821,"date":"2023-10-22T12:25:15","date_gmt":"2023-10-22T15:25:15","guid":{"rendered":"http:\/\/zoomproducciones.com.ar\/zoomp\/?p=10821"},"modified":"2023-10-22T12:25:15","modified_gmt":"2023-10-22T15:25:15","slug":"programa-especial-desde-las-1800-hs-zoom-producciones-realiza-su-cobertura","status":"publish","type":"post","link":"https:\/\/zoomproducciones.com.ar\/zoomp\/programa-especial-desde-las-1800-hs-zoom-producciones-realiza-su-cobertura\/","title":{"rendered":"Programa especial: desde las 18:00 hs Zoom Producciones realiza su cobertura"},"content":{"rendered":"\n<p>Este domingo 22 de octubre, Zoom Producciones cubrir\u00e1 las elecciones generales 2023. <strong>El programa comenzar\u00e1 a las 18:00 horas<\/strong> y contar\u00e1 con el minuto a minuto de los resultados de las votaciones. <strong>Se podr\u00e1 seguir en vivo por el canal de <a href=\"https:\/\/youtube.com\/@ZoomProduccionesLibres?si=jyHBU_laf2ZejfIu\">YouTube<\/a> y la frecuencia FM 95.5 Mhz<\/strong>, adem\u00e1s de todas nuestras redes sociales.<\/p>\n\n\n\n<p>Antes, desde las 8 de la ma\u00f1ana, la frecuencia radial de Zoom Producciones (95.5 Mhz) <strong>har\u00e1 retransmisi\u00f3n de Radio Dos<\/strong>, la cual relatar\u00e1 desde la capital correntina los comicios completos, informando sobre toda jornada.<\/p>\n\n\n\n<p>Desde las 18:00hs, <strong>los periodistas Mat\u00edas Bouchet, Daniela Bojorque e Ignacio Villanueva<\/strong> ser\u00e1n los encargados de informar la actualidad y analizar lo que se vaya plasmando en la jornada una vez cerrada las urnas.<\/p>\n\n\n\n<p>Adem\u00e1s, <strong>Rub\u00e9n Sanchez, Dami\u00e1n Froy y Mariel Pucheta<\/strong> realizar\u00e1n los m\u00f3viles en los bunkers de Uni\u00f3n por la Patria, ECO + Juntos por el Cambio y La Libertad Avanza.<\/p>\n\n\n\n<p>Por otro lado, no te pierdas el minuto a minuto en nuestras redes sociales: \u00bbX\u00bb <a href=\"https:\/\/x.com\/ZOOMPLIBRES?t=DliiwU4gkZvWlRjLpZxoBg&amp;s=09\">@ZOOMPLIBRES<\/a> e Instagram <a href=\"https:\/\/instagram.com\/zoomproduccioneslibres?igshid=OGQ5ZDc2ODk2ZA==\">@zoomproduccioneslibres<\/a> bajo los hashtags #Elecciones2023 y #ArgentinaElige.<\/p>\n\n\n\n<p><\/p>\n","protected":false},"excerpt":{"rendered":"<p>Este domingo 22 de octubre, Zoom Producciones cubrir\u00e1 las elecciones generales 2023. El programa comenzar\u00e1 a las 18:00 horas y contar\u00e1 con el minuto a minuto de los resultados de las votaciones. Se podr\u00e1 seguir en vivo por el canal de YouTube y la frecuencia FM 95.5 Mhz, adem\u00e1s de todas nuestras redes sociales. Antes, [&hellip;]<\/p>\n","protected":false},"author":2,"featured_media":0,"comment_status":"closed","ping_status":"open","sticky":false,"template":"","format":"standard","meta":{"footnotes":""},"categories":[5],"tags":[42,116],"class_list":{"0":"post-10821","1":"post","2":"type-post","3":"status-publish","4":"format-standard","6":"category-locales","7":"tag-featured","8":"tag-paso-de-los-libres"},"_links":{"self":[{"href":"https:\/\/zoomproducciones.com.ar\/zoomp\/wp-json\/wp\/v2\/posts\/10821","targetHints":{"allow":["GET"]}}],"collection":[{"href":"https:\/\/zoomproducciones.com.ar\/zoomp\/wp-json\/wp\/v2\/posts"}],"about":[{"href":"https:\/\/zoomproducciones.com.ar\/zoomp\/wp-json\/wp\/v2\/types\/post"}],"author":[{"embeddable":true,"href":"https:\/\/zoomproducciones.com.ar\/zoomp\/wp-json\/wp\/v2\/users\/2"}],"replies":[{"embeddable":true,"href":"https:\/\/zoomproducciones.com.ar\/zoomp\/wp-json\/wp\/v2\/comments?post=10821"}],"version-history":[{"count":1,"href":"https:\/\/zoomproducciones.com.ar\/zoomp\/wp-json\/wp\/v2\/posts\/10821\/revisions"}],"predecessor-version":[{"id":10823,"href":"https:\/\/zoomproducciones.com.ar\/zoomp\/wp-json\/wp\/v2\/posts\/10821\/revisions\/10823"}],"wp:attachment":[{"href":"https:\/\/zoomproducciones.com.ar\/zoomp\/wp-json\/wp\/v2\/media?parent=10821"}],"wp:term":[{"taxonomy":"category","embeddable":true,"href":"https:\/\/zoomproducciones.com.ar\/zoomp\/wp-json\/wp\/v2\/categories?post=10821"},{"taxonomy":"post_tag","embeddable":true,"href":"https:\/\/zoomproducciones.com.ar\/zoomp\/wp-json\/wp\/v2\/tags?post=10821"}],"curies":[{"name":"wp","href":"https:\/\/api.w.org\/{rel}","templated":true}]}}