{"id":10789,"date":"2023-10-20T08:39:59","date_gmt":"2023-10-20T11:39:59","guid":{"rendered":"http:\/\/zoomproducciones.com.ar\/zoomp\/?p=10789"},"modified":"2023-10-20T08:39:59","modified_gmt":"2023-10-20T11:39:59","slug":"lavalle-un-hombre-habria-perdido-la-vida-tras-ser-alcanzado-por-un-rayo","status":"publish","type":"post","link":"https:\/\/zoomproducciones.com.ar\/zoomp\/lavalle-un-hombre-habria-perdido-la-vida-tras-ser-alcanzado-por-un-rayo\/","title":{"rendered":"Lavalle: un hombre habr\u00eda perdido la vida tras ser alcanzado por un rayo"},"content":{"rendered":"\n<p>El hecho ocurri\u00f3 al mediod\u00eda de este jueves 19 de octubre en Paraje Laguna Sirena, una zona rural del departamento Lavalle de Corrientes.\u00a0<\/p>\n\n\n\n<p>Seg\u00fan el relato de per\u00edodistas de la zona, Miguel \u00c1ngel Salas se encontraba trabajando en la instalaci\u00f3n de un tendalero pl\u00e1stico cuando se desat\u00f3 la tormenta.<\/p>\n\n\n\n<p>Minutos despu\u00e9s, el hermano de la v\u00edctima lleg\u00f3 al lugar y lo encontr\u00f3 tirado en el piso, sin vida. El cad\u00e1ver fue trasladado a\u00a0la morgue de Goya para determinar las causas del fallecimiento, aunque se cree que su muerte estuvo relacionada a la ca\u00edda de un rayo.<\/p>\n\n\n\n<p>De todos modos, el forense inici\u00f3 una causa por muerte dudosa ya que no hall\u00f3 quemaduras en el cuerpo de Salas. De esta manera, se abrir\u00eda otra hip\u00f3tesis que podr\u00eda estar v\u00ednculada a un paro card\u00edaco producto del susto por el rayo.<\/p>\n","protected":false},"excerpt":{"rendered":"<p>El hecho ocurri\u00f3 al mediod\u00eda de este jueves 19 de octubre en Paraje Laguna Sirena, una zona rural del departamento Lavalle de Corrientes.\u00a0 Seg\u00fan el relato de per\u00edodistas de la zona, Miguel \u00c1ngel Salas se encontraba trabajando en la instalaci\u00f3n de un tendalero pl\u00e1stico cuando se desat\u00f3 la tormenta. Minutos despu\u00e9s, el hermano de la [&hellip;]<\/p>\n","protected":false},"author":2,"featured_media":0,"comment_status":"closed","ping_status":"open","sticky":false,"template":"","format":"standard","meta":{"footnotes":""},"categories":[3],"tags":[511,125,122],"class_list":{"0":"post-10789","1":"post","2":"type-post","3":"status-publish","4":"format-standard","6":"category-provinciales","7":"tag-bloque-2","8":"tag-corrientes","9":"tag-policiales"},"_links":{"self":[{"href":"https:\/\/zoomproducciones.com.ar\/zoomp\/wp-json\/wp\/v2\/posts\/10789","targetHints":{"allow":["GET"]}}],"collection":[{"href":"https:\/\/zoomproducciones.com.ar\/zoomp\/wp-json\/wp\/v2\/posts"}],"about":[{"href":"https:\/\/zoomproducciones.com.ar\/zoomp\/wp-json\/wp\/v2\/types\/post"}],"author":[{"embeddable":true,"href":"https:\/\/zoomproducciones.com.ar\/zoomp\/wp-json\/wp\/v2\/users\/2"}],"replies":[{"embeddable":true,"href":"https:\/\/zoomproducciones.com.ar\/zoomp\/wp-json\/wp\/v2\/comments?post=10789"}],"version-history":[{"count":1,"href":"https:\/\/zoomproducciones.com.ar\/zoomp\/wp-json\/wp\/v2\/posts\/10789\/revisions"}],"predecessor-version":[{"id":10791,"href":"https:\/\/zoomproducciones.com.ar\/zoomp\/wp-json\/wp\/v2\/posts\/10789\/revisions\/10791"}],"wp:attachment":[{"href":"https:\/\/zoomproducciones.com.ar\/zoomp\/wp-json\/wp\/v2\/media?parent=10789"}],"wp:term":[{"taxonomy":"category","embeddable":true,"href":"https:\/\/zoomproducciones.com.ar\/zoomp\/wp-json\/wp\/v2\/categories?post=10789"},{"taxonomy":"post_tag","embeddable":true,"href":"https:\/\/zoomproducciones.com.ar\/zoomp\/wp-json\/wp\/v2\/tags?post=10789"}],"curies":[{"name":"wp","href":"https:\/\/api.w.org\/{rel}","templated":true}]}}